{"id":18919,"date":"2025-04-23T11:23:13","date_gmt":"2025-04-23T14:23:13","guid":{"rendered":"https:\/\/www.sobradinho.rs.gov.br\/portal\/?p=18919"},"modified":"2025-04-23T11:23:13","modified_gmt":"2025-04-23T14:23:13","slug":"nova-diretora-de-cultura-e-turismo-de-sobradinho-e-apresentada-na-reuniao-do-conselho-municipal-de-politicas-culturais","status":"publish","type":"post","link":"http:\/\/www.sobradinho.rs.gov.br\/portal\/?p=18919","title":{"rendered":"Nova Diretora de Cultura e Turismo de Sobradinho \u00e9 apresentada na Reuni\u00e3o do Conselho Municipal de Pol\u00edticas Culturais"},"content":{"rendered":"\n<p>Os integrantes do Conselho Municipal de Pol\u00edticas Culturais de Sobradinho estiveram reunidos nesta quarta-feira, 16 de abril, \u00e0s 14h, na Sala de Reuni\u00f5es da Prefeitura Municipal.<\/p>\n\n\n\n<p>A reuni\u00e3o foi coordenada pela presidente do Conselho, Eliana Weber, juntamente com a Secret\u00e1ria Municipal de Educa\u00e7\u00e3o, Cultura, Turismo e Desporto, Lisani Bernardini.<\/p>\n\n\n\n<p>Na oportunidade foi apresentada a nova Diretora de Cultura e Turismo do munic\u00edpio, Juli Moraes, que desde o \u00faltimo dia 10\/04 est\u00e1 \u00e0 frente da Casa da Cultura. A nova diretora recebeu a parabeniza\u00e7\u00e3o de todos e destacou seu empenho em fazer um trabalho comprometido com as necessidades do munic\u00edpio no Setor, que estar\u00e1 sempre em busca de fazer o melhor em prol da cultura e da arte em Sobradinho, bem como buscando destacar o potencial tur\u00edstico do munic\u00edpio.<\/p>\n\n\n\n<p>Na pauta da reuni\u00e3o do Conselho de Cultura tamb\u00e9m estiveram em destaque a atualiza\u00e7\u00e3o de nomes para novos membros do Conselho; as primeiras tratativas para a edi\u00e7\u00e3o deste ano do Concurso Liter\u00e1rio Jornalista Valacir Cremonese; informa\u00e7\u00f5es sobre o andamento das atividades referente \u00e0s Leis de Incentivo Paulo Gustavo e Aldir Blanc e ainda sobre as a\u00e7\u00f5es que dever\u00e3o ser iniciadas no pr\u00f3ximo semestre, referente a cria\u00e7\u00e3o do Comit\u00ea ou Comiss\u00e3o para organiza\u00e7\u00e3o das festividades em Comemora\u00e7\u00e3o ao 100 anos de Sobradinho que ser\u00e1 comemorado em 2027.<\/p>\n\n\n\n<p>A presidente do Conselho Eliana Weber destacou a import\u00e2ncia da participa\u00e7\u00e3o das entidades e seus representantes em todas as reuni\u00f5es do Conselho.<\/p>\n\n\n\n<p>A Secret\u00e1ria da SMECTD, Lisani Bernardini tamb\u00e9m fez uma explana\u00e7\u00e3o das a\u00e7\u00f5es da Secretaria, destacando a seriedade e o empenho no trabalho que est\u00e1 sendo feito, buscando sempre colocar a arte, a cultura e a educa\u00e7\u00e3o de Sobradinho em destaque.<\/p>\n","protected":false},"excerpt":{"rendered":"<p>Os integrantes do Conselho Municipal de Pol\u00edticas Culturais de Sobradinho estiveram reunidos nesta quarta-feira, 16 de abril, \u00e0s 14h, na [&hellip;]<\/p>\n","protected":false},"author":24,"featured_media":18920,"comment_status":"open","ping_status":"open","sticky":false,"template":"","format":"standard","meta":{"_eb_attr":"","site-sidebar-layout":"default","site-content-layout":"","ast-site-content-layout":"default","site-content-style":"default","site-sidebar-style":"default","ast-global-header-display":"","ast-banner-title-visibility":"","ast-main-header-display":"","ast-hfb-above-header-display":"","ast-hfb-below-header-display":"","ast-hfb-mobile-header-display":"","site-post-title":"","ast-breadcrumbs-content":"","ast-featured-img":"","footer-sml-layout":"","theme-transparent-header-meta":"","adv-header-id-meta":"","stick-header-meta":"","header-above-stick-meta":"","header-main-stick-meta":"","header-below-stick-meta":"","astra-migrate-meta-layouts":"default","ast-page-background-enabled":"default","ast-page-background-meta":{"desktop":{"background-color":"var(--ast-global-color-4)","background-image":"","background-repeat":"repeat","background-position":"center center","background-size":"auto","background-attachment":"scroll","background-type":"","background-media":"","overlay-type":"","overlay-color":"","overlay-opacity":"","overlay-gradient":""},"tablet":{"background-color":"","background-image":"","background-repeat":"repeat","background-position":"center center","background-size":"auto","background-attachment":"scroll","background-type":"","background-media":"","overlay-type":"","overlay-color":"","overlay-opacity":"","overlay-gradient":""},"mobile":{"background-color":"","background-image":"","background-repeat":"repeat","background-position":"center center","background-size":"auto","background-attachment":"scroll","background-type":"","background-media":"","overlay-type":"","overlay-color":"","overlay-opacity":"","overlay-gradient":""}},"ast-content-background-meta":{"desktop":{"background-color":"var(--ast-global-color-5)","background-image":"","background-repeat":"repeat","background-position":"center center","background-size":"auto","background-attachment":"scroll","background-type":"","background-media":"","overlay-type":"","overlay-color":"","overlay-opacity":"","overlay-gradient":""},"tablet":{"background-color":"var(--ast-global-color-5)","background-image":"","background-repeat":"repeat","background-position":"center center","background-size":"auto","background-attachment":"scroll","background-type":"","background-media":"","overlay-type":"","overlay-color":"","overlay-opacity":"","overlay-gradient":""},"mobile":{"background-color":"var(--ast-global-color-5)","background-image":"","background-repeat":"repeat","background-position":"center center","background-size":"auto","background-attachment":"scroll","background-type":"","background-media":"","overlay-type":"","overlay-color":"","overlay-opacity":"","overlay-gradient":""}},"footnotes":""},"categories":[3],"tags":[],"class_list":["post-18919","post","type-post","status-publish","format-standard","has-post-thumbnail","hentry","category-noticias"],"_links":{"self":[{"href":"http:\/\/www.sobradinho.rs.gov.br\/portal\/index.php?rest_route=\/wp\/v2\/posts\/18919","targetHints":{"allow":["GET"]}}],"collection":[{"href":"http:\/\/www.sobradinho.rs.gov.br\/portal\/index.php?rest_route=\/wp\/v2\/posts"}],"about":[{"href":"http:\/\/www.sobradinho.rs.gov.br\/portal\/index.php?rest_route=\/wp\/v2\/types\/post"}],"author":[{"embeddable":true,"href":"http:\/\/www.sobradinho.rs.gov.br\/portal\/index.php?rest_route=\/wp\/v2\/users\/24"}],"replies":[{"embeddable":true,"href":"http:\/\/www.sobradinho.rs.gov.br\/portal\/index.php?rest_route=%2Fwp%2Fv2%2Fcomments&post=18919"}],"version-history":[{"count":1,"href":"http:\/\/www.sobradinho.rs.gov.br\/portal\/index.php?rest_route=\/wp\/v2\/posts\/18919\/revisions"}],"predecessor-version":[{"id":18921,"href":"http:\/\/www.sobradinho.rs.gov.br\/portal\/index.php?rest_route=\/wp\/v2\/posts\/18919\/revisions\/18921"}],"wp:featuredmedia":[{"embeddable":true,"href":"http:\/\/www.sobradinho.rs.gov.br\/portal\/index.php?rest_route=\/wp\/v2\/media\/18920"}],"wp:attachment":[{"href":"http:\/\/www.sobradinho.rs.gov.br\/portal\/index.php?rest_route=%2Fwp%2Fv2%2Fmedia&parent=18919"}],"wp:term":[{"taxonomy":"category","embeddable":true,"href":"http:\/\/www.sobradinho.rs.gov.br\/portal\/index.php?rest_route=%2Fwp%2Fv2%2Fcategories&post=18919"},{"taxonomy":"post_tag","embeddable":true,"href":"http:\/\/www.sobradinho.rs.gov.br\/portal\/index.php?rest_route=%2Fwp%2Fv2%2Ftags&post=18919"}],"curies":[{"name":"wp","href":"https:\/\/api.w.org\/{rel}","templated":true}]}}