{"id":22378,"date":"2026-08-01T11:31:04","date_gmt":"2026-08-01T14:31:04","guid":{"rendered":"https:\/\/www.sobradinho.rs.gov.br\/portal\/?p=22378"},"modified":"2026-08-18T10:31:21","modified_gmt":"2026-08-18T13:31:21","slug":"reuniao-entre-poder-judiciario-e-administracao-municipal-define-encaminhamentos-para-reassentamento-de-familias-da-rs-400","status":"publish","type":"post","link":"http:\/\/www.sobradinho.rs.gov.br\/portal\/?p=22378","title":{"rendered":"Reuni\u00e3o entre Poder Judici\u00e1rio e Administra\u00e7\u00e3o Municipal define encaminhamentos para reassentamento de fam\u00edlias da RS-400"},"content":{"rendered":"\n<p>Na manh\u00e3 do dia 30 de julho, foi realizada, no F\u00f3rum da Comarca de Sobradinho, uma audi\u00eancia entre o Poder Judici\u00e1rio, \u00f3rg\u00e3os p\u00fablicos e a Administra\u00e7\u00e3o Municipal de Sobradinho para tratar da situa\u00e7\u00e3o das fam\u00edlias que residem \u00e0s margens da RS-400, nas proximidades do trevo de acesso ao munic\u00edpio. A \u00e1rea \u00e9 de dom\u00ednio do Departamento Aut\u00f4nomo de Estradas de Rodagem (DAER) e atualmente \u00e9 ocupada por moradias.&nbsp;<\/p>\n\n\n\n<p>A audi\u00eancia reuniu representantes de diversas institui\u00e7\u00f5es envolvidas na busca de uma solu\u00e7\u00e3o para a situa\u00e7\u00e3o das fam\u00edlias. Participaram o juiz de Direito da 1\u00aa Vara C\u00edvel da Comarca de Sobradinho, <strong>Thiago dos Santos de Oliveira<\/strong>; o procurador da Procuradoria-Geral do Estado do Rio Grande do Sul (PGE), <strong>Jo\u00e3o Luiz Vaz Baptista Lusardo<\/strong>; os representantes do Departamento Aut\u00f4nomo de Estradas de Rodagem (DAER\/RS), os engenheiros <strong>Felicia Cardoso Padilha<\/strong> e <strong>Alcemar Padilha de Oliveira<\/strong>; o diretor do Projeto Habitacional da Secretaria Estadual de Habita\u00e7\u00e3o (SEHAB\/RS), <strong>Renato Fava<\/strong>; o chefe do Projeto Habitacional da SEHAB\/RS, <strong>Bernardo Silva<\/strong>; o prefeito de Sobradinho, <strong>Luiz Affonso Trevisan<\/strong>; a procuradora do Munic\u00edpio, <strong>Greta D&#8217;Olanda<\/strong>; o secret\u00e1rio municipal de Desenvolvimento Social, <strong>Diego Batista<\/strong>; a promotora de Justi\u00e7a <strong>Isabella Figueredo Vieira<\/strong>, representando o Minist\u00e9rio P\u00fablico; o defensor p\u00fablico <strong>Matheus Frantz Bruel<\/strong>, representando a Defensoria P\u00fablica; representantes do Poder Legislativo Municipal; e os moradores <strong>Josiane Aparecida Hudson<\/strong> e <strong>Gilson Henti<\/strong>, representantes das fam\u00edlias residentes na \u00e1rea.<\/p>\n\n\n\n<p>Durante a reuni\u00e3o, foi destacado que, na etapa do processo em que as fam\u00edlias passaram a receber as notifica\u00e7\u00f5es de desocupa\u00e7\u00e3o da \u00e1rea, a Administra\u00e7\u00e3o Municipal, por iniciativa do prefeito Luiz Affonso Trevisan, j\u00e1 havia manifestado o compromisso de disponibilizar lotes de terrenos para que essas fam\u00edlias pudessem se reestabelecer em outro local.&nbsp;<\/p>\n\n\n\n<p>Entretanto, ap\u00f3s a Prefeitura de Sobradinho, por meio da Secretaria Municipal de Planejamento e Urbanismo, realizar o cadastramento no programa <strong>Minha Casa, Minha Vida \u2013 Reconstru\u00e7\u00e3o<\/strong>, o munic\u00edpio foi contemplado com <strong>25 unidades habitacionais<\/strong>. Desse total, <strong>17 moradias ser\u00e3o destinadas \u00e0s fam\u00edlias demandadas no processo<\/strong>, que ser\u00e3o realocadas no novo <strong>Loteamento In\u00e1cio Manoel da Silva<\/strong>, localizado no Bairro Vera Cruz, atr\u00e1s da EMEB Esp\u00edrito Santo. O empreendimento encontra-se em fase de regulariza\u00e7\u00e3o documental.<\/p>\n\n\n\n<p>Dessa forma, o reassentamento das fam\u00edlias ocorrer\u00e1 por meio do programa habitacional do Governo Federal, garantindo uma solu\u00e7\u00e3o habitacional definitiva, ao mesmo tempo em que possibilitar\u00e1 a desocupa\u00e7\u00e3o da faixa de dom\u00ednio do DAER e o prosseguimento das interven\u00e7\u00f5es previstas para a \u00e1rea.<\/p>\n\n\n\n<p>A audi\u00eancia representou um importante avan\u00e7o na constru\u00e7\u00e3o de uma solu\u00e7\u00e3o conjunta entre o Poder Judici\u00e1rio, o Governo do Estado e a Administra\u00e7\u00e3o Municipal, conciliando a necessidade de desocupa\u00e7\u00e3o da faixa de dom\u00ednio do DAER com a garantia do direito \u00e0 moradia das fam\u00edlias envolvidas.<\/p>\n\n\n\n<p>Ao final da reuni\u00e3o, todas as institui\u00e7\u00f5es participantes destacaram o compromisso de dar continuidade \u00e0s tratativas e aos procedimentos necess\u00e1rios para viabilizar o reassentamento das fam\u00edlias e permitir o andamento das interven\u00e7\u00f5es previstas na \u00e1rea, mantendo o di\u00e1logo com os moradores at\u00e9 a conclus\u00e3o de todo o processo.<\/p>\n\n\n\n<figure class=\"wp-block-image size-large\"><img fetchpriority=\"high\" decoding=\"async\" width=\"1024\" height=\"768\" src=\"https:\/\/www.sobradinho.rs.gov.br\/portal\/wp-content\/uploads\/2026\/08\/f21ce3b6-2bb5-40b2-b670-b26959e74ad0-1024x768.jpg\" alt=\"\" class=\"wp-image-22379\" srcset=\"http:\/\/www.sobradinho.rs.gov.br\/portal\/wp-content\/uploads\/2026\/08\/f21ce3b6-2bb5-40b2-b670-b26959e74ad0-1024x768.jpg 1024w, http:\/\/www.sobradinho.rs.gov.br\/portal\/wp-content\/uploads\/2026\/08\/f21ce3b6-2bb5-40b2-b670-b26959e74ad0-300x225.jpg 300w, http:\/\/www.sobradinho.rs.gov.br\/portal\/wp-content\/uploads\/2026\/08\/f21ce3b6-2bb5-40b2-b670-b26959e74ad0-768x576.jpg 768w, http:\/\/www.sobradinho.rs.gov.br\/portal\/wp-content\/uploads\/2026\/08\/f21ce3b6-2bb5-40b2-b670-b26959e74ad0.jpg 1280w\" sizes=\"(max-width: 1024px) 100vw, 1024px\" \/><\/figure>\n","protected":false},"excerpt":{"rendered":"<p>Na manh\u00e3 do dia 30 de julho, foi realizada, no F\u00f3rum da Comarca de Sobradinho, uma audi\u00eancia entre o Poder [&hellip;]<\/p>\n","protected":false},"author":24,"featured_media":22379,"comment_status":"open","ping_status":"open","sticky":false,"template":"","format":"standard","meta":{"_eb_attr":"","site-sidebar-layout":"default","site-content-layout":"","ast-site-content-layout":"default","site-content-style":"default","site-sidebar-style":"default","ast-global-header-display":"","ast-banner-title-visibility":"","ast-main-header-display":"","ast-hfb-above-header-display":"","ast-hfb-below-header-display":"","ast-hfb-mobile-header-display":"","site-post-title":"","ast-breadcrumbs-content":"","ast-featured-img":"","footer-sml-layout":"","theme-transparent-header-meta":"","adv-header-id-meta":"","stick-header-meta":"","header-above-stick-meta":"","header-main-stick-meta":"","header-below-stick-meta":"","astra-migrate-meta-layouts":"default","ast-page-background-enabled":"default","ast-page-background-meta":{"desktop":{"background-color":"var(--ast-global-color-4)","background-image":"","background-repeat":"repeat","background-position":"center center","background-size":"auto","background-attachment":"scroll","background-type":"","background-media":"","overlay-type":"","overlay-color":"","overlay-opacity":"","overlay-gradient":""},"tablet":{"background-color":"","background-image":"","background-repeat":"repeat","background-position":"center center","background-size":"auto","background-attachment":"scroll","background-type":"","background-media":"","overlay-type":"","overlay-color":"","overlay-opacity":"","overlay-gradient":""},"mobile":{"background-color":"","background-image":"","background-repeat":"repeat","background-position":"center center","background-size":"auto","background-attachment":"scroll","background-type":"","background-media":"","overlay-type":"","overlay-color":"","overlay-opacity":"","overlay-gradient":""}},"ast-content-background-meta":{"desktop":{"background-color":"var(--ast-global-color-5)","background-image":"","background-repeat":"repeat","background-position":"center center","background-size":"auto","background-attachment":"scroll","background-type":"","background-media":"","overlay-type":"","overlay-color":"","overlay-opacity":"","overlay-gradient":""},"tablet":{"background-color":"var(--ast-global-color-5)","background-image":"","background-repeat":"repeat","background-position":"center center","background-size":"auto","background-attachment":"scroll","background-type":"","background-media":"","overlay-type":"","overlay-color":"","overlay-opacity":"","overlay-gradient":""},"mobile":{"background-color":"var(--ast-global-color-5)","background-image":"","background-repeat":"repeat","background-position":"center center","background-size":"auto","background-attachment":"scroll","background-type":"","background-media":"","overlay-type":"","overlay-color":"","overlay-opacity":"","overlay-gradient":""}},"footnotes":""},"categories":[3],"tags":[],"class_list":["post-22378","post","type-post","status-publish","format-standard","has-post-thumbnail","hentry","category-noticias"],"_links":{"self":[{"href":"http:\/\/www.sobradinho.rs.gov.br\/portal\/index.php?rest_route=\/wp\/v2\/posts\/22378","targetHints":{"allow":["GET"]}}],"collection":[{"href":"http:\/\/www.sobradinho.rs.gov.br\/portal\/index.php?rest_route=\/wp\/v2\/posts"}],"about":[{"href":"http:\/\/www.sobradinho.rs.gov.br\/portal\/index.php?rest_route=\/wp\/v2\/types\/post"}],"author":[{"embeddable":true,"href":"http:\/\/www.sobradinho.rs.gov.br\/portal\/index.php?rest_route=\/wp\/v2\/users\/24"}],"replies":[{"embeddable":true,"href":"http:\/\/www.sobradinho.rs.gov.br\/portal\/index.php?rest_route=%2Fwp%2Fv2%2Fcomments&post=22378"}],"version-history":[{"count":1,"href":"http:\/\/www.sobradinho.rs.gov.br\/portal\/index.php?rest_route=\/wp\/v2\/posts\/22378\/revisions"}],"predecessor-version":[{"id":22380,"href":"http:\/\/www.sobradinho.rs.gov.br\/portal\/index.php?rest_route=\/wp\/v2\/posts\/22378\/revisions\/22380"}],"wp:featuredmedia":[{"embeddable":true,"href":"http:\/\/www.sobradinho.rs.gov.br\/portal\/index.php?rest_route=\/wp\/v2\/media\/22379"}],"wp:attachment":[{"href":"http:\/\/www.sobradinho.rs.gov.br\/portal\/index.php?rest_route=%2Fwp%2Fv2%2Fmedia&parent=22378"}],"wp:term":[{"taxonomy":"category","embeddable":true,"href":"http:\/\/www.sobradinho.rs.gov.br\/portal\/index.php?rest_route=%2Fwp%2Fv2%2Fcategories&post=22378"},{"taxonomy":"post_tag","embeddable":true,"href":"http:\/\/www.sobradinho.rs.gov.br\/portal\/index.php?rest_route=%2Fwp%2Fv2%2Ftags&post=22378"}],"curies":[{"name":"wp","href":"https:\/\/api.w.org\/{rel}","templated":true}]}}