{"id":18403,"date":"2025-02-18T09:36:55","date_gmt":"2025-02-18T12:36:55","guid":{"rendered":"https:\/\/www.sobradinho.rs.gov.br\/portal\/?p=18403"},"modified":"2025-02-18T09:36:55","modified_gmt":"2025-02-18T12:36:55","slug":"interiorizacao-de-governo-do-estado-ocorreu-no-municipio-de-sobradinho","status":"publish","type":"post","link":"https:\/\/www.sobradinho.rs.gov.br\/portal\/?p=18403","title":{"rendered":"Interioriza\u00e7\u00e3o de Governo do Estado ocorreu no Munic\u00edpio de Sobradinho"},"content":{"rendered":"\n<p>No dia 15 de janeiro, em a\u00e7\u00e3o de Interioriza\u00e7\u00e3o de Governo do Rio Grande do Sul, uma comitiva do Governo do Estadual esteve em Sobradinho debatendo demandas da comunidade regional. Na oportunidade, estiveram presentes o governador exerc\u00edcio do RS, Adolfo Brito, secret\u00e1rios estaduais: secret\u00e1ria de Sa\u00fade, Arita Bergmann; secret\u00e1rio da Reconstru\u00e7\u00e3o, Pedro Capeluppi; secret\u00e1rio adjunto de Meio Ambiente \u2013 diretor de Recursos H\u00eddricos, representante Carlos Silveira; secret\u00e1rio da Agricultura, Clair Kuhn; secret\u00e1rio de Desenvolvimento Econ\u00f4mico, Ernani Polo; secret\u00e1rio de Desenvolvimento Rural, Vilson Covatti; diretor geral do DAER, Luciano Faustino; dentre demais autoridades estaduais e municipais.<br>A recep\u00e7\u00e3o ocorreu no gabinete do prefeito Luiz Affonso Trevisan. Ap\u00f3s confraterniza\u00e7\u00e3o, houve a instala\u00e7\u00e3o do Governo do Estado do RS no munic\u00edpio de Sobradinho. O ato foi realizado na C\u00e2mara Municipal de Vereadores, contando com prefeitos da regi\u00e3o, autoridades, representantes, assessores do Governo, imprensa e comunidade em geral.<br>O cerimonial teve in\u00edcio com a fala do governador em exerc\u00edcio Adolfo brito, destacando pontos do Governo e demais iniciativas j\u00e1 postas em pr\u00e1tica para o presente ano. O prefeito municipal de Sobradinho, Luiz Affonso Trevisan, tamb\u00e9m colocou sobre assuntos de interesse do Governo, bem como, solicitou recursos, principalmente para \u00e1rea da sa\u00fade municipal.<br>Secret\u00e1rios estaduais presentes tamb\u00e9m pautaram projetos e propostas para o estado, bem como para a regi\u00e3o.<\/p>\n","protected":false},"excerpt":{"rendered":"<p>No dia 15 de janeiro, em a\u00e7\u00e3o de Interioriza\u00e7\u00e3o de Governo do Rio Grande do Sul, uma comitiva do Governo [&hellip;]<\/p>\n","protected":false},"author":24,"featured_media":18404,"comment_status":"open","ping_status":"open","sticky":false,"template":"","format":"standard","meta":{"_eb_attr":"","site-sidebar-layout":"default","site-content-layout":"","ast-site-content-layout":"default","site-content-style":"default","site-sidebar-style":"default","ast-global-header-display":"","ast-banner-title-visibility":"","ast-main-header-display":"","ast-hfb-above-header-display":"","ast-hfb-below-header-display":"","ast-hfb-mobile-header-display":"","site-post-title":"","ast-breadcrumbs-content":"","ast-featured-img":"","footer-sml-layout":"","theme-transparent-header-meta":"","adv-header-id-meta":"","stick-header-meta":"","header-above-stick-meta":"","header-main-stick-meta":"","header-below-stick-meta":"","astra-migrate-meta-layouts":"default","ast-page-background-enabled":"default","ast-page-background-meta":{"desktop":{"background-color":"var(--ast-global-color-4)","background-image":"","background-repeat":"repeat","background-position":"center center","background-size":"auto","background-attachment":"scroll","background-type":"","background-media":"","overlay-type":"","overlay-color":"","overlay-opacity":"","overlay-gradient":""},"tablet":{"background-color":"","background-image":"","background-repeat":"repeat","background-position":"center center","background-size":"auto","background-attachment":"scroll","background-type":"","background-media":"","overlay-type":"","overlay-color":"","overlay-opacity":"","overlay-gradient":""},"mobile":{"background-color":"","background-image":"","background-repeat":"repeat","background-position":"center center","background-size":"auto","background-attachment":"scroll","background-type":"","background-media":"","overlay-type":"","overlay-color":"","overlay-opacity":"","overlay-gradient":""}},"ast-content-background-meta":{"desktop":{"background-color":"var(--ast-global-color-5)","background-image":"","background-repeat":"repeat","background-position":"center center","background-size":"auto","background-attachment":"scroll","background-type":"","background-media":"","overlay-type":"","overlay-color":"","overlay-opacity":"","overlay-gradient":""},"tablet":{"background-color":"var(--ast-global-color-5)","background-image":"","background-repeat":"repeat","background-position":"center center","background-size":"auto","background-attachment":"scroll","background-type":"","background-media":"","overlay-type":"","overlay-color":"","overlay-opacity":"","overlay-gradient":""},"mobile":{"background-color":"var(--ast-global-color-5)","background-image":"","background-repeat":"repeat","background-position":"center center","background-size":"auto","background-attachment":"scroll","background-type":"","background-media":"","overlay-type":"","overlay-color":"","overlay-opacity":"","overlay-gradient":""}},"footnotes":""},"categories":[3],"tags":[],"class_list":["post-18403","post","type-post","status-publish","format-standard","has-post-thumbnail","hentry","category-noticias"],"_links":{"self":[{"href":"https:\/\/www.sobradinho.rs.gov.br\/portal\/index.php?rest_route=\/wp\/v2\/posts\/18403","targetHints":{"allow":["GET"]}}],"collection":[{"href":"https:\/\/www.sobradinho.rs.gov.br\/portal\/index.php?rest_route=\/wp\/v2\/posts"}],"about":[{"href":"https:\/\/www.sobradinho.rs.gov.br\/portal\/index.php?rest_route=\/wp\/v2\/types\/post"}],"author":[{"embeddable":true,"href":"https:\/\/www.sobradinho.rs.gov.br\/portal\/index.php?rest_route=\/wp\/v2\/users\/24"}],"replies":[{"embeddable":true,"href":"https:\/\/www.sobradinho.rs.gov.br\/portal\/index.php?rest_route=%2Fwp%2Fv2%2Fcomments&post=18403"}],"version-history":[{"count":1,"href":"https:\/\/www.sobradinho.rs.gov.br\/portal\/index.php?rest_route=\/wp\/v2\/posts\/18403\/revisions"}],"predecessor-version":[{"id":18405,"href":"https:\/\/www.sobradinho.rs.gov.br\/portal\/index.php?rest_route=\/wp\/v2\/posts\/18403\/revisions\/18405"}],"wp:featuredmedia":[{"embeddable":true,"href":"https:\/\/www.sobradinho.rs.gov.br\/portal\/index.php?rest_route=\/wp\/v2\/media\/18404"}],"wp:attachment":[{"href":"https:\/\/www.sobradinho.rs.gov.br\/portal\/index.php?rest_route=%2Fwp%2Fv2%2Fmedia&parent=18403"}],"wp:term":[{"taxonomy":"category","embeddable":true,"href":"https:\/\/www.sobradinho.rs.gov.br\/portal\/index.php?rest_route=%2Fwp%2Fv2%2Fcategories&post=18403"},{"taxonomy":"post_tag","embeddable":true,"href":"https:\/\/www.sobradinho.rs.gov.br\/portal\/index.php?rest_route=%2Fwp%2Fv2%2Ftags&post=18403"}],"curies":[{"name":"wp","href":"https:\/\/api.w.org\/{rel}","templated":true}]}}