{"id":18415,"date":"2025-02-18T09:57:28","date_gmt":"2025-02-18T12:57:28","guid":{"rendered":"https:\/\/www.sobradinho.rs.gov.br\/portal\/?p=18415"},"modified":"2025-02-18T09:57:28","modified_gmt":"2025-02-18T12:57:28","slug":"prefeito-concede-primeira-entrevista-e-revela-dificuldades-financeiras-herdadas-da-gestao-anterior","status":"publish","type":"post","link":"https:\/\/www.sobradinho.rs.gov.br\/portal\/?p=18415","title":{"rendered":"Prefeito concede primeira entrevista e revela dificuldades financeiras herdadas da gest\u00e3o anterior"},"content":{"rendered":"\n<p><\/p>\n\n\n\n<p>No dia 23 de janeiro, o prefeito Luiz Affonso Trevisan juntamente com o vice-prefeito Nilo Wietzke, o diretor da Secretaria de Finan\u00e7as e Planejamento Roberto K\u00f6hler e a tesoureira Fl\u00e1via Hagemann Konrad, estiveram participando de entrevista na R\u00e1dio Sobradinho AM.<\/p>\n\n\n\n<p>Na oportunidade foi divulgado que o munic\u00edpio de Sobradinho encerrou 2024 com um d\u00e9ficit financeiro de R$ 2,778 milh\u00f5es, conforme revelou a tesoureira. Al\u00e9m disso, a prefeitura n\u00e3o conseguiu pagar R$ 600 mil referentes \u00e0s f\u00e9rias dos professores, montante que ser\u00e1 contabilizado em 2025.<\/p>\n\n\n\n<p>Segundo a tesoureira da prefeitura, Fl\u00e1via Hagemann Konrad, o d\u00e9ficit ocorreu devido a despesas acima do or\u00e7amento, afetando diretamente fornecedores. Para equilibrar as contas, o prefeito afirmou que est\u00e1 tomando medidas de conten\u00e7\u00e3o de gastos e n\u00e3o descartou a ideia de venda da usina de asfalto, adquirida pela gest\u00e3o anterior e que possue um alto custo para opera\u00e7\u00e3o.<\/p>\n\n\n\n<p>Entre outras medidas de economia, o prefeito anunciou a revis\u00e3o do projeto de pavimenta\u00e7\u00e3o da Rua Jeromias Bavaresco, substituindo o asfalto por materiais mais acess\u00edveis, j\u00e1 que o munic\u00edpio tamb\u00e9m precisaria investir na obra em contrapartida. Al\u00e9m disso, relatou que o maquin\u00e1rio da prefeitura est\u00e1 em m\u00e1s condi\u00e7\u00f5es e que s\u00e3o necess\u00e1rios recursos para sua recupera\u00e7\u00e3o.<\/p>\n\n\n\n<p>O prefeito encerrou a entrevista emocionado, lamentando a situa\u00e7\u00e3o em que o munic\u00edpio se encontra e pedindo paci\u00eancia \u00e0 popula\u00e7\u00e3o, garantindo que o comprometimento com o trabalho continua o mesmo, e que todos ir\u00e3o trabalhar com os p\u00e9s no ch\u00e3o, focando em reorganizar as contas, para avan\u00e7ar em novos projetos. Ele garantiu que buscar\u00e1 recursos parlamentares e far\u00e1 ajustes para equilibrar as finan\u00e7as do munic\u00edpio.<\/p>\n","protected":false},"excerpt":{"rendered":"<p>No dia 23 de janeiro, o prefeito Luiz Affonso Trevisan juntamente com o vice-prefeito Nilo Wietzke, o diretor da Secretaria [&hellip;]<\/p>\n","protected":false},"author":24,"featured_media":18416,"comment_status":"open","ping_status":"open","sticky":false,"template":"","format":"standard","meta":{"_eb_attr":"","site-sidebar-layout":"default","site-content-layout":"","ast-site-content-layout":"default","site-content-style":"default","site-sidebar-style":"default","ast-global-header-display":"","ast-banner-title-visibility":"","ast-main-header-display":"","ast-hfb-above-header-display":"","ast-hfb-below-header-display":"","ast-hfb-mobile-header-display":"","site-post-title":"","ast-breadcrumbs-content":"","ast-featured-img":"","footer-sml-layout":"","theme-transparent-header-meta":"","adv-header-id-meta":"","stick-header-meta":"","header-above-stick-meta":"","header-main-stick-meta":"","header-below-stick-meta":"","astra-migrate-meta-layouts":"default","ast-page-background-enabled":"default","ast-page-background-meta":{"desktop":{"background-color":"var(--ast-global-color-4)","background-image":"","background-repeat":"repeat","background-position":"center center","background-size":"auto","background-attachment":"scroll","background-type":"","background-media":"","overlay-type":"","overlay-color":"","overlay-opacity":"","overlay-gradient":""},"tablet":{"background-color":"","background-image":"","background-repeat":"repeat","background-position":"center center","background-size":"auto","background-attachment":"scroll","background-type":"","background-media":"","overlay-type":"","overlay-color":"","overlay-opacity":"","overlay-gradient":""},"mobile":{"background-color":"","background-image":"","background-repeat":"repeat","background-position":"center center","background-size":"auto","background-attachment":"scroll","background-type":"","background-media":"","overlay-type":"","overlay-color":"","overlay-opacity":"","overlay-gradient":""}},"ast-content-background-meta":{"desktop":{"background-color":"var(--ast-global-color-5)","background-image":"","background-repeat":"repeat","background-position":"center center","background-size":"auto","background-attachment":"scroll","background-type":"","background-media":"","overlay-type":"","overlay-color":"","overlay-opacity":"","overlay-gradient":""},"tablet":{"background-color":"var(--ast-global-color-5)","background-image":"","background-repeat":"repeat","background-position":"center center","background-size":"auto","background-attachment":"scroll","background-type":"","background-media":"","overlay-type":"","overlay-color":"","overlay-opacity":"","overlay-gradient":""},"mobile":{"background-color":"var(--ast-global-color-5)","background-image":"","background-repeat":"repeat","background-position":"center center","background-size":"auto","background-attachment":"scroll","background-type":"","background-media":"","overlay-type":"","overlay-color":"","overlay-opacity":"","overlay-gradient":""}},"footnotes":""},"categories":[3],"tags":[],"class_list":["post-18415","post","type-post","status-publish","format-standard","has-post-thumbnail","hentry","category-noticias"],"_links":{"self":[{"href":"https:\/\/www.sobradinho.rs.gov.br\/portal\/index.php?rest_route=\/wp\/v2\/posts\/18415","targetHints":{"allow":["GET"]}}],"collection":[{"href":"https:\/\/www.sobradinho.rs.gov.br\/portal\/index.php?rest_route=\/wp\/v2\/posts"}],"about":[{"href":"https:\/\/www.sobradinho.rs.gov.br\/portal\/index.php?rest_route=\/wp\/v2\/types\/post"}],"author":[{"embeddable":true,"href":"https:\/\/www.sobradinho.rs.gov.br\/portal\/index.php?rest_route=\/wp\/v2\/users\/24"}],"replies":[{"embeddable":true,"href":"https:\/\/www.sobradinho.rs.gov.br\/portal\/index.php?rest_route=%2Fwp%2Fv2%2Fcomments&post=18415"}],"version-history":[{"count":1,"href":"https:\/\/www.sobradinho.rs.gov.br\/portal\/index.php?rest_route=\/wp\/v2\/posts\/18415\/revisions"}],"predecessor-version":[{"id":18417,"href":"https:\/\/www.sobradinho.rs.gov.br\/portal\/index.php?rest_route=\/wp\/v2\/posts\/18415\/revisions\/18417"}],"wp:featuredmedia":[{"embeddable":true,"href":"https:\/\/www.sobradinho.rs.gov.br\/portal\/index.php?rest_route=\/wp\/v2\/media\/18416"}],"wp:attachment":[{"href":"https:\/\/www.sobradinho.rs.gov.br\/portal\/index.php?rest_route=%2Fwp%2Fv2%2Fmedia&parent=18415"}],"wp:term":[{"taxonomy":"category","embeddable":true,"href":"https:\/\/www.sobradinho.rs.gov.br\/portal\/index.php?rest_route=%2Fwp%2Fv2%2Fcategories&post=18415"},{"taxonomy":"post_tag","embeddable":true,"href":"https:\/\/www.sobradinho.rs.gov.br\/portal\/index.php?rest_route=%2Fwp%2Fv2%2Ftags&post=18415"}],"curies":[{"name":"wp","href":"https:\/\/api.w.org\/{rel}","templated":true}]}}