{"id":18438,"date":"2025-02-18T10:42:47","date_gmt":"2025-02-18T13:42:47","guid":{"rendered":"https:\/\/www.sobradinho.rs.gov.br\/portal\/?p=18438"},"modified":"2025-02-18T10:42:47","modified_gmt":"2025-02-18T13:42:47","slug":"ano-letivo-inicia-com-formacoes-e-planejamento-em-sobradinho","status":"publish","type":"post","link":"https:\/\/www.sobradinho.rs.gov.br\/portal\/?p=18438","title":{"rendered":"Ano letivo inicia com forma\u00e7\u00f5es e planejamento em Sobradinho"},"content":{"rendered":"\n<p>A Secretaria Municipal de Educa\u00e7\u00e3o de Sobradinho deu in\u00edcio \u00e0s atividades do ano letivo de 2025 com uma programa\u00e7\u00e3o especial para os profissionais da educa\u00e7\u00e3o. No dia 3 de fevereiro, ocorreu um encontro com as equipes diretivas das Escolas Municipais de Educa\u00e7\u00e3o Infantil (EMEIs) e Escolas Municipais de Ensino B\u00e1sico (EMEBs). No per\u00edodo da tarde, no Sal\u00e3o Paroquial, ocorreu a abertura oficial do ano letivo, acompanhada da forma\u00e7\u00e3o &#8220;O prop\u00f3sito e a profiss\u00e3o professor: uma miss\u00e3o de vida!&#8221;, conduzida pela psic\u00f3loga Michele Raabe.<\/p>\n\n\n\n<p>Dando continuidade \u00e0s atividades preparat\u00f3rias, no dia 4 de fevereiro, os professores participaram da forma\u00e7\u00e3o &#8220;Lei Afro&#8221;, ministrada pelo palestrante Charles Henrique Rosa dos Santos, da Universidade Federal de Pelotas (UFPEL). O evento ocorreu na C\u00e2mara dos Vereadores, dividindo-se entre a Educa\u00e7\u00e3o Infantil no turno da manh\u00e3 e os Anos Iniciais e Finais no per\u00edodo da tarde.<\/p>\n\n\n\n<p>No dia 5 de fevereiro, a programa\u00e7\u00e3o seguiu com a capacita\u00e7\u00e3o &#8220;Educa\u00e7\u00e3o Integral em Tempo Integral&#8221;, tamb\u00e9m ministrada por Charles Henrique Rosa dos Santos. A forma\u00e7\u00e3o ocorreu novamente na C\u00e2mara dos Vereadores, seguindo a mesma divis\u00e3o de hor\u00e1rios entre os segmentos de ensino.<\/p>\n\n\n\n<p>J\u00e1 no dia 6 de fevereiro, foi realizada uma reuni\u00e3o com os gestores das EMEIs e EMEBs, conduzida pela palestrante Cris Biscaino, na Ag\u00eancia do Sicredi de Sobradinho. No dia 7, as equipes escolares estiveram mobilizadas na organiza\u00e7\u00e3o das unidades de ensino para receber os alunos no dia 10 de fevereiro, data marcada para o in\u00edcio das aulas.<\/p>\n\n\n\n<p>Al\u00e9m das forma\u00e7\u00f5es iniciais, outras capacita\u00e7\u00f5es est\u00e3o previstas ao longo do ano. Nos dias 26 e 27 de fevereiro, os professores das EMEBs que aderiram ao programa, participar\u00e3o da forma\u00e7\u00e3o &#8220;Educa\u00e7\u00e3o Financeira&#8221;, com Cris Biscaino, \u00e0s 18h.<\/p>\n","protected":false},"excerpt":{"rendered":"<p>A Secretaria Municipal de Educa\u00e7\u00e3o de Sobradinho deu in\u00edcio \u00e0s atividades do ano letivo de 2025 com uma programa\u00e7\u00e3o especial [&hellip;]<\/p>\n","protected":false},"author":24,"featured_media":18439,"comment_status":"open","ping_status":"open","sticky":false,"template":"","format":"standard","meta":{"_eb_attr":"","site-sidebar-layout":"default","site-content-layout":"","ast-site-content-layout":"default","site-content-style":"default","site-sidebar-style":"default","ast-global-header-display":"","ast-banner-title-visibility":"","ast-main-header-display":"","ast-hfb-above-header-display":"","ast-hfb-below-header-display":"","ast-hfb-mobile-header-display":"","site-post-title":"","ast-breadcrumbs-content":"","ast-featured-img":"","footer-sml-layout":"","theme-transparent-header-meta":"","adv-header-id-meta":"","stick-header-meta":"","header-above-stick-meta":"","header-main-stick-meta":"","header-below-stick-meta":"","astra-migrate-meta-layouts":"default","ast-page-background-enabled":"default","ast-page-background-meta":{"desktop":{"background-color":"var(--ast-global-color-4)","background-image":"","background-repeat":"repeat","background-position":"center center","background-size":"auto","background-attachment":"scroll","background-type":"","background-media":"","overlay-type":"","overlay-color":"","overlay-opacity":"","overlay-gradient":""},"tablet":{"background-color":"","background-image":"","background-repeat":"repeat","background-position":"center center","background-size":"auto","background-attachment":"scroll","background-type":"","background-media":"","overlay-type":"","overlay-color":"","overlay-opacity":"","overlay-gradient":""},"mobile":{"background-color":"","background-image":"","background-repeat":"repeat","background-position":"center center","background-size":"auto","background-attachment":"scroll","background-type":"","background-media":"","overlay-type":"","overlay-color":"","overlay-opacity":"","overlay-gradient":""}},"ast-content-background-meta":{"desktop":{"background-color":"var(--ast-global-color-5)","background-image":"","background-repeat":"repeat","background-position":"center center","background-size":"auto","background-attachment":"scroll","background-type":"","background-media":"","overlay-type":"","overlay-color":"","overlay-opacity":"","overlay-gradient":""},"tablet":{"background-color":"var(--ast-global-color-5)","background-image":"","background-repeat":"repeat","background-position":"center center","background-size":"auto","background-attachment":"scroll","background-type":"","background-media":"","overlay-type":"","overlay-color":"","overlay-opacity":"","overlay-gradient":""},"mobile":{"background-color":"var(--ast-global-color-5)","background-image":"","background-repeat":"repeat","background-position":"center center","background-size":"auto","background-attachment":"scroll","background-type":"","background-media":"","overlay-type":"","overlay-color":"","overlay-opacity":"","overlay-gradient":""}},"footnotes":""},"categories":[3],"tags":[],"class_list":["post-18438","post","type-post","status-publish","format-standard","has-post-thumbnail","hentry","category-noticias"],"_links":{"self":[{"href":"https:\/\/www.sobradinho.rs.gov.br\/portal\/index.php?rest_route=\/wp\/v2\/posts\/18438","targetHints":{"allow":["GET"]}}],"collection":[{"href":"https:\/\/www.sobradinho.rs.gov.br\/portal\/index.php?rest_route=\/wp\/v2\/posts"}],"about":[{"href":"https:\/\/www.sobradinho.rs.gov.br\/portal\/index.php?rest_route=\/wp\/v2\/types\/post"}],"author":[{"embeddable":true,"href":"https:\/\/www.sobradinho.rs.gov.br\/portal\/index.php?rest_route=\/wp\/v2\/users\/24"}],"replies":[{"embeddable":true,"href":"https:\/\/www.sobradinho.rs.gov.br\/portal\/index.php?rest_route=%2Fwp%2Fv2%2Fcomments&post=18438"}],"version-history":[{"count":1,"href":"https:\/\/www.sobradinho.rs.gov.br\/portal\/index.php?rest_route=\/wp\/v2\/posts\/18438\/revisions"}],"predecessor-version":[{"id":18440,"href":"https:\/\/www.sobradinho.rs.gov.br\/portal\/index.php?rest_route=\/wp\/v2\/posts\/18438\/revisions\/18440"}],"wp:featuredmedia":[{"embeddable":true,"href":"https:\/\/www.sobradinho.rs.gov.br\/portal\/index.php?rest_route=\/wp\/v2\/media\/18439"}],"wp:attachment":[{"href":"https:\/\/www.sobradinho.rs.gov.br\/portal\/index.php?rest_route=%2Fwp%2Fv2%2Fmedia&parent=18438"}],"wp:term":[{"taxonomy":"category","embeddable":true,"href":"https:\/\/www.sobradinho.rs.gov.br\/portal\/index.php?rest_route=%2Fwp%2Fv2%2Fcategories&post=18438"},{"taxonomy":"post_tag","embeddable":true,"href":"https:\/\/www.sobradinho.rs.gov.br\/portal\/index.php?rest_route=%2Fwp%2Fv2%2Ftags&post=18438"}],"curies":[{"name":"wp","href":"https:\/\/api.w.org\/{rel}","templated":true}]}}