{"id":18444,"date":"2025-02-18T10:49:29","date_gmt":"2025-02-18T13:49:29","guid":{"rendered":"https:\/\/www.sobradinho.rs.gov.br\/portal\/?p=18444"},"modified":"2025-02-18T10:49:29","modified_gmt":"2025-02-18T13:49:29","slug":"prefeito-e-vice-viajam-a-porto-alegre-para-tratar-de-demandas-municipais","status":"publish","type":"post","link":"https:\/\/www.sobradinho.rs.gov.br\/portal\/?p=18444","title":{"rendered":"Prefeito e vice viajam a Porto Alegre para tratar de demandas municipais"},"content":{"rendered":"\n<p>O prefeito Luiz Affonso Trevisan e o vice-prefeito Nilo Wietzke estiveram em Porto Alegre no dia 5 de fevereiro, para tratar de pautas estrat\u00e9gicas voltadas ao desenvolvimento do munic\u00edpio. Durante a agenda na capital, ambos foram recebidos por representantes de secretarias estaduais para discutir demandas relacionadas \u00e0 infraestrutura e aos servi\u00e7os p\u00fablicos.<\/p>\n\n\n\n<p>Na Secretaria Estadual de Desenvolvimento Urbano (SEDUR), a comitiva municipal protocolou a solicita\u00e7\u00e3o para a substitui\u00e7\u00e3o do projeto de asfaltamento do acesso Geromias Bavaresco por pavimenta\u00e7\u00e3o em cal\u00e7amento, visando uma alternativa vi\u00e1vel e eficiente para a infraestrutura local. Al\u00e9m disso, refor\u00e7aram o pedido de horas-m\u00e1quina para manuten\u00e7\u00e3o urbana e entregaram o projeto de desassoreamento do Arroio Carijinho, uma medida essencial para a preven\u00e7\u00e3o de enchentes e a preserva\u00e7\u00e3o ambiental da regi\u00e3o.<\/p>\n\n\n\n<p>Outro ponto abordado foi a libera\u00e7\u00e3o do po\u00e7o artesiano da Granja do Sil\u00eancio, que servir\u00e1 como refor\u00e7o ao abastecimento de \u00e1gua para a popula\u00e7\u00e3o local. Al\u00e9m disso, foi inclu\u00edda a libera\u00e7\u00e3o de recursos para a aquisi\u00e7\u00e3o de um caminh\u00e3o basculante, equipamento fundamental para a realiza\u00e7\u00e3o de obras e servi\u00e7os. A emenda parlamentar foi destinada pelo deputado Covatti Filho.<\/p>\n\n\n\n<p>A administra\u00e7\u00e3o municipal segue empenhada em fortalecer parcerias com o governo estadual em busca de investimentos que impulsionem o desenvolvimento e a qualidade de vida da popula\u00e7\u00e3o.<\/p>\n","protected":false},"excerpt":{"rendered":"<p>O prefeito Luiz Affonso Trevisan e o vice-prefeito Nilo Wietzke estiveram em Porto Alegre no dia 5 de fevereiro, para [&hellip;]<\/p>\n","protected":false},"author":24,"featured_media":18445,"comment_status":"open","ping_status":"open","sticky":false,"template":"","format":"standard","meta":{"_eb_attr":"","site-sidebar-layout":"default","site-content-layout":"","ast-site-content-layout":"default","site-content-style":"default","site-sidebar-style":"default","ast-global-header-display":"","ast-banner-title-visibility":"","ast-main-header-display":"","ast-hfb-above-header-display":"","ast-hfb-below-header-display":"","ast-hfb-mobile-header-display":"","site-post-title":"","ast-breadcrumbs-content":"","ast-featured-img":"","footer-sml-layout":"","theme-transparent-header-meta":"","adv-header-id-meta":"","stick-header-meta":"","header-above-stick-meta":"","header-main-stick-meta":"","header-below-stick-meta":"","astra-migrate-meta-layouts":"default","ast-page-background-enabled":"default","ast-page-background-meta":{"desktop":{"background-color":"var(--ast-global-color-4)","background-image":"","background-repeat":"repeat","background-position":"center center","background-size":"auto","background-attachment":"scroll","background-type":"","background-media":"","overlay-type":"","overlay-color":"","overlay-opacity":"","overlay-gradient":""},"tablet":{"background-color":"","background-image":"","background-repeat":"repeat","background-position":"center center","background-size":"auto","background-attachment":"scroll","background-type":"","background-media":"","overlay-type":"","overlay-color":"","overlay-opacity":"","overlay-gradient":""},"mobile":{"background-color":"","background-image":"","background-repeat":"repeat","background-position":"center center","background-size":"auto","background-attachment":"scroll","background-type":"","background-media":"","overlay-type":"","overlay-color":"","overlay-opacity":"","overlay-gradient":""}},"ast-content-background-meta":{"desktop":{"background-color":"var(--ast-global-color-5)","background-image":"","background-repeat":"repeat","background-position":"center center","background-size":"auto","background-attachment":"scroll","background-type":"","background-media":"","overlay-type":"","overlay-color":"","overlay-opacity":"","overlay-gradient":""},"tablet":{"background-color":"var(--ast-global-color-5)","background-image":"","background-repeat":"repeat","background-position":"center center","background-size":"auto","background-attachment":"scroll","background-type":"","background-media":"","overlay-type":"","overlay-color":"","overlay-opacity":"","overlay-gradient":""},"mobile":{"background-color":"var(--ast-global-color-5)","background-image":"","background-repeat":"repeat","background-position":"center center","background-size":"auto","background-attachment":"scroll","background-type":"","background-media":"","overlay-type":"","overlay-color":"","overlay-opacity":"","overlay-gradient":""}},"footnotes":""},"categories":[3],"tags":[],"class_list":["post-18444","post","type-post","status-publish","format-standard","has-post-thumbnail","hentry","category-noticias"],"_links":{"self":[{"href":"https:\/\/www.sobradinho.rs.gov.br\/portal\/index.php?rest_route=\/wp\/v2\/posts\/18444","targetHints":{"allow":["GET"]}}],"collection":[{"href":"https:\/\/www.sobradinho.rs.gov.br\/portal\/index.php?rest_route=\/wp\/v2\/posts"}],"about":[{"href":"https:\/\/www.sobradinho.rs.gov.br\/portal\/index.php?rest_route=\/wp\/v2\/types\/post"}],"author":[{"embeddable":true,"href":"https:\/\/www.sobradinho.rs.gov.br\/portal\/index.php?rest_route=\/wp\/v2\/users\/24"}],"replies":[{"embeddable":true,"href":"https:\/\/www.sobradinho.rs.gov.br\/portal\/index.php?rest_route=%2Fwp%2Fv2%2Fcomments&post=18444"}],"version-history":[{"count":1,"href":"https:\/\/www.sobradinho.rs.gov.br\/portal\/index.php?rest_route=\/wp\/v2\/posts\/18444\/revisions"}],"predecessor-version":[{"id":18446,"href":"https:\/\/www.sobradinho.rs.gov.br\/portal\/index.php?rest_route=\/wp\/v2\/posts\/18444\/revisions\/18446"}],"wp:featuredmedia":[{"embeddable":true,"href":"https:\/\/www.sobradinho.rs.gov.br\/portal\/index.php?rest_route=\/wp\/v2\/media\/18445"}],"wp:attachment":[{"href":"https:\/\/www.sobradinho.rs.gov.br\/portal\/index.php?rest_route=%2Fwp%2Fv2%2Fmedia&parent=18444"}],"wp:term":[{"taxonomy":"category","embeddable":true,"href":"https:\/\/www.sobradinho.rs.gov.br\/portal\/index.php?rest_route=%2Fwp%2Fv2%2Fcategories&post=18444"},{"taxonomy":"post_tag","embeddable":true,"href":"https:\/\/www.sobradinho.rs.gov.br\/portal\/index.php?rest_route=%2Fwp%2Fv2%2Ftags&post=18444"}],"curies":[{"name":"wp","href":"https:\/\/api.w.org\/{rel}","templated":true}]}}