{"id":18680,"date":"2025-03-14T09:48:34","date_gmt":"2025-03-14T12:48:34","guid":{"rendered":"https:\/\/www.sobradinho.rs.gov.br\/portal\/?p=18680"},"modified":"2025-03-14T09:48:34","modified_gmt":"2025-03-14T12:48:34","slug":"prefeitura-de-sobradinho-inicia-obras-de-recuperacao-de-pontes-no-interior-do-municipio","status":"publish","type":"post","link":"https:\/\/www.sobradinho.rs.gov.br\/portal\/?p=18680","title":{"rendered":"Prefeitura de Sobradinho inicia obras de recupera\u00e7\u00e3o de pontes no interior do munic\u00edpio"},"content":{"rendered":"\n<p>A Prefeitura de Sobradinho, deu in\u00edcio na ter\u00e7a-feira, 11 de mar\u00e7o, as obras de constru\u00e7\u00e3o de duas pontes no interior do munic\u00edpio. As estruturas, localizadas no Campo da Avia\u00e7\u00e3o e na Linha Campos, v\u00e3o ser reconstru\u00eddas ap\u00f3s terem suas estruturas comprometidas pela enchente do ano passado.<\/p>\n\n\n\n<p>A empresa Boa F\u00e9 Constru\u00e7\u00f5es LTD-EPP, vencedora do processo licitat\u00f3rio, \u00e9 a respons\u00e1vel pela execu\u00e7\u00e3o das obras de constru\u00e7\u00e3o das pontes do interior do munic\u00edpio. A ponte do Campo da Avia\u00e7\u00e3o, que sofreu danos estruturais significativos, ser\u00e1 substitu\u00edda por uma nova estrutura de concreto armado pr\u00e9-moldado. A constru\u00e7\u00e3o ter\u00e1 aproximadamente 11 metros de comprimento por 4,5 metros de largura, com um investimento de R$319.000,00 e previs\u00e3o de conclus\u00e3o em 60 dias.<\/p>\n\n\n\n<p>J\u00e1 a ponte localizada na Linha Campos contar\u00e1 com uma estrutura maior, com cerca de 20 metros de comprimento por 6 metros de largura. O custo estimado para a obra \u00e9 de R$717.000,00, e o prazo de execu\u00e7\u00e3o previsto \u00e9 de 90 dias.<\/p>\n\n\n\n<p>O in\u00edcio das obras \u00e9 fundamental para melhorar a trafegabilidade da popula\u00e7\u00e3o da regi\u00e3o principalmente dos produtores rurais que dependem dessas vias para a mobilidade da produ\u00e7\u00e3o.<\/p>\n\n\n\n<p>O prefeito Luiz Affonso Trevisan destaca a import\u00e2ncia da recupera\u00e7\u00e3o das pontes de Sobradinho e refor\u00e7a o compromisso da Administra\u00e7\u00e3o Municipal com a melhoria das vias rurais do munic\u00edpio.<\/p>\n\n\n\n<p>Quanto ao in\u00edcio das obras nas pontes da zona urbana, a Prefeitura ainda n\u00e3o possui prazo estipulado, pois est\u00e1 aguardando a libera\u00e7\u00e3o de recursos pelo governo.<\/p>\n","protected":false},"excerpt":{"rendered":"<p>A Prefeitura de Sobradinho, deu in\u00edcio na ter\u00e7a-feira, 11 de mar\u00e7o, as obras de constru\u00e7\u00e3o de duas pontes no interior [&hellip;]<\/p>\n","protected":false},"author":24,"featured_media":18681,"comment_status":"open","ping_status":"open","sticky":false,"template":"","format":"standard","meta":{"_eb_attr":"","site-sidebar-layout":"default","site-content-layout":"","ast-site-content-layout":"default","site-content-style":"default","site-sidebar-style":"default","ast-global-header-display":"","ast-banner-title-visibility":"","ast-main-header-display":"","ast-hfb-above-header-display":"","ast-hfb-below-header-display":"","ast-hfb-mobile-header-display":"","site-post-title":"","ast-breadcrumbs-content":"","ast-featured-img":"","footer-sml-layout":"","theme-transparent-header-meta":"","adv-header-id-meta":"","stick-header-meta":"","header-above-stick-meta":"","header-main-stick-meta":"","header-below-stick-meta":"","astra-migrate-meta-layouts":"default","ast-page-background-enabled":"default","ast-page-background-meta":{"desktop":{"background-color":"var(--ast-global-color-4)","background-image":"","background-repeat":"repeat","background-position":"center center","background-size":"auto","background-attachment":"scroll","background-type":"","background-media":"","overlay-type":"","overlay-color":"","overlay-opacity":"","overlay-gradient":""},"tablet":{"background-color":"","background-image":"","background-repeat":"repeat","background-position":"center center","background-size":"auto","background-attachment":"scroll","background-type":"","background-media":"","overlay-type":"","overlay-color":"","overlay-opacity":"","overlay-gradient":""},"mobile":{"background-color":"","background-image":"","background-repeat":"repeat","background-position":"center center","background-size":"auto","background-attachment":"scroll","background-type":"","background-media":"","overlay-type":"","overlay-color":"","overlay-opacity":"","overlay-gradient":""}},"ast-content-background-meta":{"desktop":{"background-color":"var(--ast-global-color-5)","background-image":"","background-repeat":"repeat","background-position":"center center","background-size":"auto","background-attachment":"scroll","background-type":"","background-media":"","overlay-type":"","overlay-color":"","overlay-opacity":"","overlay-gradient":""},"tablet":{"background-color":"var(--ast-global-color-5)","background-image":"","background-repeat":"repeat","background-position":"center center","background-size":"auto","background-attachment":"scroll","background-type":"","background-media":"","overlay-type":"","overlay-color":"","overlay-opacity":"","overlay-gradient":""},"mobile":{"background-color":"var(--ast-global-color-5)","background-image":"","background-repeat":"repeat","background-position":"center center","background-size":"auto","background-attachment":"scroll","background-type":"","background-media":"","overlay-type":"","overlay-color":"","overlay-opacity":"","overlay-gradient":""}},"footnotes":""},"categories":[3],"tags":[],"class_list":["post-18680","post","type-post","status-publish","format-standard","has-post-thumbnail","hentry","category-noticias"],"_links":{"self":[{"href":"https:\/\/www.sobradinho.rs.gov.br\/portal\/index.php?rest_route=\/wp\/v2\/posts\/18680","targetHints":{"allow":["GET"]}}],"collection":[{"href":"https:\/\/www.sobradinho.rs.gov.br\/portal\/index.php?rest_route=\/wp\/v2\/posts"}],"about":[{"href":"https:\/\/www.sobradinho.rs.gov.br\/portal\/index.php?rest_route=\/wp\/v2\/types\/post"}],"author":[{"embeddable":true,"href":"https:\/\/www.sobradinho.rs.gov.br\/portal\/index.php?rest_route=\/wp\/v2\/users\/24"}],"replies":[{"embeddable":true,"href":"https:\/\/www.sobradinho.rs.gov.br\/portal\/index.php?rest_route=%2Fwp%2Fv2%2Fcomments&post=18680"}],"version-history":[{"count":1,"href":"https:\/\/www.sobradinho.rs.gov.br\/portal\/index.php?rest_route=\/wp\/v2\/posts\/18680\/revisions"}],"predecessor-version":[{"id":18682,"href":"https:\/\/www.sobradinho.rs.gov.br\/portal\/index.php?rest_route=\/wp\/v2\/posts\/18680\/revisions\/18682"}],"wp:featuredmedia":[{"embeddable":true,"href":"https:\/\/www.sobradinho.rs.gov.br\/portal\/index.php?rest_route=\/wp\/v2\/media\/18681"}],"wp:attachment":[{"href":"https:\/\/www.sobradinho.rs.gov.br\/portal\/index.php?rest_route=%2Fwp%2Fv2%2Fmedia&parent=18680"}],"wp:term":[{"taxonomy":"category","embeddable":true,"href":"https:\/\/www.sobradinho.rs.gov.br\/portal\/index.php?rest_route=%2Fwp%2Fv2%2Fcategories&post=18680"},{"taxonomy":"post_tag","embeddable":true,"href":"https:\/\/www.sobradinho.rs.gov.br\/portal\/index.php?rest_route=%2Fwp%2Fv2%2Ftags&post=18680"}],"curies":[{"name":"wp","href":"https:\/\/api.w.org\/{rel}","templated":true}]}}