{"id":18786,"date":"2025-04-10T13:35:04","date_gmt":"2025-04-10T16:35:04","guid":{"rendered":"https:\/\/www.sobradinho.rs.gov.br\/portal\/?p=18786"},"modified":"2025-04-10T13:35:04","modified_gmt":"2025-04-10T16:35:04","slug":"encontro-formativo-debate-desafios-educacionais-para-2025-em-santa-cruz-do-sul","status":"publish","type":"post","link":"https:\/\/www.sobradinho.rs.gov.br\/portal\/?p=18786","title":{"rendered":"Encontro Formativo Debate Desafios Educacionais para 2025 em Santa Cruz do Sul"},"content":{"rendered":"\n<p>Na tarde do dia 26 de mar\u00e7o a Diretora de Educa\u00e7\u00e3o Lisani Bernardini, a Supervisora Ibraima Calheiro e a Presidente do Conselho Municipal de Educa\u00e7\u00e3o (CME), Cati\u00e9le Bonelli, participaram da Reuni\u00e3o Formativa com os Conselhos Municipais de Educa\u00e7\u00e3o, Secret\u00e1rios Municipais e o Minist\u00e9rio P\u00fablico. O evento ocorreu na C\u00e2mara de Vereadores de Santa Cruz do Sul, as 13h30min, e reuniu diversas autoridades e especialistas da \u00e1rea educacional.<\/p>\n\n\n\n<p>O encontro teve como objetivo fortalecer o debate sobre os desafios educacionais para 2025, ressaltando a import\u00e2ncia dos Conselhos Municipais de Educa\u00e7\u00e3o e sua autonomia dentro do que estabelece a legisla\u00e7\u00e3o vigente. A programa\u00e7\u00e3o contemplou palestras e debates com profissionais renomados.<\/p>\n\n\n\n<p>Confira a programa\u00e7\u00e3o completa:<\/p>\n\n\n\n<p>13h30 &#8211; Acolhimento e fala da Promotora Vanessa Saldanha de Vargas<\/p>\n\n\n\n<p>14h00 &#8211; Relato da regi\u00e3o e o olhar da UNCME-RS sobre os desafios educacionais para 2025, com Charles Rosa dos Santos, Coordenador da UNCME<\/p>\n\n\n\n<p>14h30 &#8211; A import\u00e2ncia do Conselho Municipal no acompanhamento das pol\u00edticas e dos programas federais, com Catiele Bonelli, Vice-Coordenadora da UNCME<\/p>\n\n\n\n<p>15h00 &#8211; O fortalecimento dos Conselhos Municipais de Educa\u00e7\u00e3o e sua autonomia conforme a legisla\u00e7\u00e3o, com Maria Cristina Conrad, Diretora de Legisla\u00e7\u00e3o e Normas da UNCME<\/p>\n\n\n\n<p>15h30 &#8211; Situa\u00e7\u00e3o atual da regional ap\u00f3s os eventos clim\u00e1ticos que assolaram o Vale do Taquari, com Karla Heller, Coordenadora da AMAT\/AMVAT<\/p>\n\n\n\n<p>A participa\u00e7\u00e3o do Minist\u00e9rio P\u00fablico e demais institui\u00e7\u00f5es refor\u00e7ou a import\u00e2ncia da articula\u00e7\u00e3o entre os diversos atores da educa\u00e7\u00e3o para garantir pol\u00edticas mais eficazes e alinhadas \u00e0s necessidades da regi\u00e3o. O evento tamb\u00e9m proporcionou um espa\u00e7o para troca de experi\u00eancias e busca por solu\u00e7\u00f5es conjuntas para o fortalecimento da educa\u00e7\u00e3o municipal.<\/p>\n","protected":false},"excerpt":{"rendered":"<p>Na tarde do dia 26 de mar\u00e7o a Diretora de Educa\u00e7\u00e3o Lisani Bernardini, a Supervisora Ibraima Calheiro e a Presidente [&hellip;]<\/p>\n","protected":false},"author":24,"featured_media":18787,"comment_status":"open","ping_status":"open","sticky":false,"template":"","format":"standard","meta":{"_eb_attr":"","site-sidebar-layout":"default","site-content-layout":"","ast-site-content-layout":"default","site-content-style":"default","site-sidebar-style":"default","ast-global-header-display":"","ast-banner-title-visibility":"","ast-main-header-display":"","ast-hfb-above-header-display":"","ast-hfb-below-header-display":"","ast-hfb-mobile-header-display":"","site-post-title":"","ast-breadcrumbs-content":"","ast-featured-img":"","footer-sml-layout":"","theme-transparent-header-meta":"","adv-header-id-meta":"","stick-header-meta":"","header-above-stick-meta":"","header-main-stick-meta":"","header-below-stick-meta":"","astra-migrate-meta-layouts":"default","ast-page-background-enabled":"default","ast-page-background-meta":{"desktop":{"background-color":"var(--ast-global-color-4)","background-image":"","background-repeat":"repeat","background-position":"center center","background-size":"auto","background-attachment":"scroll","background-type":"","background-media":"","overlay-type":"","overlay-color":"","overlay-opacity":"","overlay-gradient":""},"tablet":{"background-color":"","background-image":"","background-repeat":"repeat","background-position":"center center","background-size":"auto","background-attachment":"scroll","background-type":"","background-media":"","overlay-type":"","overlay-color":"","overlay-opacity":"","overlay-gradient":""},"mobile":{"background-color":"","background-image":"","background-repeat":"repeat","background-position":"center center","background-size":"auto","background-attachment":"scroll","background-type":"","background-media":"","overlay-type":"","overlay-color":"","overlay-opacity":"","overlay-gradient":""}},"ast-content-background-meta":{"desktop":{"background-color":"var(--ast-global-color-5)","background-image":"","background-repeat":"repeat","background-position":"center center","background-size":"auto","background-attachment":"scroll","background-type":"","background-media":"","overlay-type":"","overlay-color":"","overlay-opacity":"","overlay-gradient":""},"tablet":{"background-color":"var(--ast-global-color-5)","background-image":"","background-repeat":"repeat","background-position":"center center","background-size":"auto","background-attachment":"scroll","background-type":"","background-media":"","overlay-type":"","overlay-color":"","overlay-opacity":"","overlay-gradient":""},"mobile":{"background-color":"var(--ast-global-color-5)","background-image":"","background-repeat":"repeat","background-position":"center center","background-size":"auto","background-attachment":"scroll","background-type":"","background-media":"","overlay-type":"","overlay-color":"","overlay-opacity":"","overlay-gradient":""}},"footnotes":""},"categories":[3],"tags":[],"class_list":["post-18786","post","type-post","status-publish","format-standard","has-post-thumbnail","hentry","category-noticias"],"_links":{"self":[{"href":"https:\/\/www.sobradinho.rs.gov.br\/portal\/index.php?rest_route=\/wp\/v2\/posts\/18786","targetHints":{"allow":["GET"]}}],"collection":[{"href":"https:\/\/www.sobradinho.rs.gov.br\/portal\/index.php?rest_route=\/wp\/v2\/posts"}],"about":[{"href":"https:\/\/www.sobradinho.rs.gov.br\/portal\/index.php?rest_route=\/wp\/v2\/types\/post"}],"author":[{"embeddable":true,"href":"https:\/\/www.sobradinho.rs.gov.br\/portal\/index.php?rest_route=\/wp\/v2\/users\/24"}],"replies":[{"embeddable":true,"href":"https:\/\/www.sobradinho.rs.gov.br\/portal\/index.php?rest_route=%2Fwp%2Fv2%2Fcomments&post=18786"}],"version-history":[{"count":1,"href":"https:\/\/www.sobradinho.rs.gov.br\/portal\/index.php?rest_route=\/wp\/v2\/posts\/18786\/revisions"}],"predecessor-version":[{"id":18788,"href":"https:\/\/www.sobradinho.rs.gov.br\/portal\/index.php?rest_route=\/wp\/v2\/posts\/18786\/revisions\/18788"}],"wp:featuredmedia":[{"embeddable":true,"href":"https:\/\/www.sobradinho.rs.gov.br\/portal\/index.php?rest_route=\/wp\/v2\/media\/18787"}],"wp:attachment":[{"href":"https:\/\/www.sobradinho.rs.gov.br\/portal\/index.php?rest_route=%2Fwp%2Fv2%2Fmedia&parent=18786"}],"wp:term":[{"taxonomy":"category","embeddable":true,"href":"https:\/\/www.sobradinho.rs.gov.br\/portal\/index.php?rest_route=%2Fwp%2Fv2%2Fcategories&post=18786"},{"taxonomy":"post_tag","embeddable":true,"href":"https:\/\/www.sobradinho.rs.gov.br\/portal\/index.php?rest_route=%2Fwp%2Fv2%2Ftags&post=18786"}],"curies":[{"name":"wp","href":"https:\/\/api.w.org\/{rel}","templated":true}]}}