{"id":18789,"date":"2025-04-10T13:43:27","date_gmt":"2025-04-10T16:43:27","guid":{"rendered":"https:\/\/www.sobradinho.rs.gov.br\/portal\/?p=18789"},"modified":"2025-04-10T13:43:27","modified_gmt":"2025-04-10T16:43:27","slug":"diretores-tomam-posse-como-secretarios-municipais-em-sobradinho","status":"publish","type":"post","link":"https:\/\/www.sobradinho.rs.gov.br\/portal\/?p=18789","title":{"rendered":"Diretores tomam posse como secret\u00e1rios municipais em Sobradinho"},"content":{"rendered":"\n<p>Na manh\u00e3 desta segunda-feira, 31 de mar\u00e7o, foi realizada no Gabinete do prefeito Luiz Affonso Trevisan, a cerim\u00f4nia de posse dos secret\u00e1rios municipais de Sobradinho.<\/p>\n\n\n\n<p>Os empossados j\u00e1 atuavam como diretores em suas respectivas pastas devido uma decis\u00e3o administrativa que visava a redu\u00e7\u00e3o de gastos p\u00fablicos temporariamente, agora assumem oficialmente como secret\u00e1rios.<\/p>\n\n\n\n<p>Secretaria Municipal de Administra\u00e7\u00e3o: Nilo Wietzke<br>Secretaria Municipal da Sa\u00fade: Liberto Mehler<br>Secretaria Municipal de Educa\u00e7\u00e3o, Cultura, Turismo e Desporto: Lisani Bernardini<br>Secretaria Municipal da Ind\u00fastria, Com\u00e9rcio e Servi\u00e7os: Jeferson Matana<br>Secretaria Municipal de Obras e Servi\u00e7os Urbanos: Paulo Dalmolin<br>Secretaria Municipal de Agricultura e Meio Ambiente: F\u00e1bio Rodtmund<br>Secretaria Municipal de Assist\u00eancia Social: Diego Batista<br>Secretaria Municipal de Finan\u00e7as e Planejamento: Roberto K\u00f6hler<\/p>\n\n\n\n<p>Durante a cerim\u00f4nia, o prefeito Maninho Trevisan destacou a import\u00e2ncia de um bom desempenho na atua\u00e7\u00e3o de cada secret\u00e1rio e o compromisso de toda a equipe com a efici\u00eancia na gest\u00e3o municipal.<\/p>\n\n\n\n<p>A Prefeitura de Sobradinho parabeniza os novos secret\u00e1rios e deseja sucesso na administra\u00e7\u00e3o de suas fun\u00e7\u00f5es.<\/p>\n","protected":false},"excerpt":{"rendered":"<p>Na manh\u00e3 desta segunda-feira, 31 de mar\u00e7o, foi realizada no Gabinete do prefeito Luiz Affonso Trevisan, a cerim\u00f4nia de posse [&hellip;]<\/p>\n","protected":false},"author":24,"featured_media":0,"comment_status":"open","ping_status":"open","sticky":false,"template":"","format":"standard","meta":{"_eb_attr":"","site-sidebar-layout":"default","site-content-layout":"","ast-site-content-layout":"default","site-content-style":"default","site-sidebar-style":"default","ast-global-header-display":"","ast-banner-title-visibility":"","ast-main-header-display":"","ast-hfb-above-header-display":"","ast-hfb-below-header-display":"","ast-hfb-mobile-header-display":"","site-post-title":"","ast-breadcrumbs-content":"","ast-featured-img":"","footer-sml-layout":"","theme-transparent-header-meta":"","adv-header-id-meta":"","stick-header-meta":"","header-above-stick-meta":"","header-main-stick-meta":"","header-below-stick-meta":"","astra-migrate-meta-layouts":"default","ast-page-background-enabled":"default","ast-page-background-meta":{"desktop":{"background-color":"var(--ast-global-color-4)","background-image":"","background-repeat":"repeat","background-position":"center center","background-size":"auto","background-attachment":"scroll","background-type":"","background-media":"","overlay-type":"","overlay-color":"","overlay-opacity":"","overlay-gradient":""},"tablet":{"background-color":"","background-image":"","background-repeat":"repeat","background-position":"center center","background-size":"auto","background-attachment":"scroll","background-type":"","background-media":"","overlay-type":"","overlay-color":"","overlay-opacity":"","overlay-gradient":""},"mobile":{"background-color":"","background-image":"","background-repeat":"repeat","background-position":"center center","background-size":"auto","background-attachment":"scroll","background-type":"","background-media":"","overlay-type":"","overlay-color":"","overlay-opacity":"","overlay-gradient":""}},"ast-content-background-meta":{"desktop":{"background-color":"var(--ast-global-color-5)","background-image":"","background-repeat":"repeat","background-position":"center center","background-size":"auto","background-attachment":"scroll","background-type":"","background-media":"","overlay-type":"","overlay-color":"","overlay-opacity":"","overlay-gradient":""},"tablet":{"background-color":"var(--ast-global-color-5)","background-image":"","background-repeat":"repeat","background-position":"center center","background-size":"auto","background-attachment":"scroll","background-type":"","background-media":"","overlay-type":"","overlay-color":"","overlay-opacity":"","overlay-gradient":""},"mobile":{"background-color":"var(--ast-global-color-5)","background-image":"","background-repeat":"repeat","background-position":"center center","background-size":"auto","background-attachment":"scroll","background-type":"","background-media":"","overlay-type":"","overlay-color":"","overlay-opacity":"","overlay-gradient":""}},"footnotes":""},"categories":[3],"tags":[],"class_list":["post-18789","post","type-post","status-publish","format-standard","hentry","category-noticias"],"_links":{"self":[{"href":"https:\/\/www.sobradinho.rs.gov.br\/portal\/index.php?rest_route=\/wp\/v2\/posts\/18789","targetHints":{"allow":["GET"]}}],"collection":[{"href":"https:\/\/www.sobradinho.rs.gov.br\/portal\/index.php?rest_route=\/wp\/v2\/posts"}],"about":[{"href":"https:\/\/www.sobradinho.rs.gov.br\/portal\/index.php?rest_route=\/wp\/v2\/types\/post"}],"author":[{"embeddable":true,"href":"https:\/\/www.sobradinho.rs.gov.br\/portal\/index.php?rest_route=\/wp\/v2\/users\/24"}],"replies":[{"embeddable":true,"href":"https:\/\/www.sobradinho.rs.gov.br\/portal\/index.php?rest_route=%2Fwp%2Fv2%2Fcomments&post=18789"}],"version-history":[{"count":1,"href":"https:\/\/www.sobradinho.rs.gov.br\/portal\/index.php?rest_route=\/wp\/v2\/posts\/18789\/revisions"}],"predecessor-version":[{"id":18790,"href":"https:\/\/www.sobradinho.rs.gov.br\/portal\/index.php?rest_route=\/wp\/v2\/posts\/18789\/revisions\/18790"}],"wp:attachment":[{"href":"https:\/\/www.sobradinho.rs.gov.br\/portal\/index.php?rest_route=%2Fwp%2Fv2%2Fmedia&parent=18789"}],"wp:term":[{"taxonomy":"category","embeddable":true,"href":"https:\/\/www.sobradinho.rs.gov.br\/portal\/index.php?rest_route=%2Fwp%2Fv2%2Fcategories&post=18789"},{"taxonomy":"post_tag","embeddable":true,"href":"https:\/\/www.sobradinho.rs.gov.br\/portal\/index.php?rest_route=%2Fwp%2Fv2%2Ftags&post=18789"}],"curies":[{"name":"wp","href":"https:\/\/api.w.org\/{rel}","templated":true}]}}