{"id":18795,"date":"2025-04-10T13:49:45","date_gmt":"2025-04-10T16:49:45","guid":{"rendered":"https:\/\/www.sobradinho.rs.gov.br\/portal\/?p=18795"},"modified":"2025-04-10T13:49:45","modified_gmt":"2025-04-10T16:49:45","slug":"emeb-dr-adolpho-sebastiany-recebe-premiacao-no-programa-alfabetiza-tche","status":"publish","type":"post","link":"https:\/\/www.sobradinho.rs.gov.br\/portal\/?p=18795","title":{"rendered":"EMEB Dr. Adolpho Sebastiany recebe premia\u00e7\u00e3o no programa Alfabetiza Tch\u00ea"},"content":{"rendered":"\n<p>A Escola Municipal de Educa\u00e7\u00e3o B\u00e1sica Dr. Adolpho Sebastiany foi reconhecida no programa Alfabetiza Tch\u00ea a partir dos resultados do Sistema de Avalia\u00e7\u00e3o de Rendimento Escolar do Rio Grande do Sul (SAERS) 2023. A escola obteve uma pontua\u00e7\u00e3o de 85,71 no \u00cdndice de Qualidade de Alfabetiza\u00e7\u00e3o (IQAt), ficando entre as 200 melhores do estado no processo de alfabetiza\u00e7\u00e3o.<br>A premia\u00e7\u00e3o tem como base as provas externas aplicadas pelo governo estadual e faz parte do Programa Estadual de Apoio \u00e0 Alfabetiza\u00e7\u00e3o, que busca garantir que todas as crian\u00e7as do Rio Grande do Sul sejam alfabetizadas na idade correta. Os \u00edndices s\u00e3o calculados considerando o desempenho dos estudantes nas avalia\u00e7\u00f5es externas e seguem crit\u00e9rios de equidade, conforme o Decreto n\u00ba 56.679, de 5 de outubro de 2022.<br>A cerim\u00f4nia de premia\u00e7\u00e3o ocorrer\u00e1 no dia 2 de abril, no Teatro da FEEVALE, em Novo Hamburgo e contar\u00e1 com a presen\u00e7a da equipe diretiva da escola, al\u00e9m de representantes da Secretaria Municipal de Educa\u00e7\u00e3o.<br>A dire\u00e7\u00e3o da EMEB Dr. Adolpho Sebastiany destaca que esse reconhecimento \u00e9 fruto de um esfor\u00e7o coletivo, envolvendo professores, funcion\u00e1rios, familiares, monitores e a Secretaria Municipal de Educa\u00e7\u00e3o, Cultura, Turismo e Desporto que trabalham juntos para fortalecer o processo de ensino e aprendizagem dos estudantes.<\/p>\n","protected":false},"excerpt":{"rendered":"<p>A Escola Municipal de Educa\u00e7\u00e3o B\u00e1sica Dr. Adolpho Sebastiany foi reconhecida no programa Alfabetiza Tch\u00ea a partir dos resultados do [&hellip;]<\/p>\n","protected":false},"author":24,"featured_media":0,"comment_status":"open","ping_status":"open","sticky":false,"template":"","format":"standard","meta":{"_eb_attr":"","site-sidebar-layout":"default","site-content-layout":"","ast-site-content-layout":"default","site-content-style":"default","site-sidebar-style":"default","ast-global-header-display":"","ast-banner-title-visibility":"","ast-main-header-display":"","ast-hfb-above-header-display":"","ast-hfb-below-header-display":"","ast-hfb-mobile-header-display":"","site-post-title":"","ast-breadcrumbs-content":"","ast-featured-img":"","footer-sml-layout":"","theme-transparent-header-meta":"","adv-header-id-meta":"","stick-header-meta":"","header-above-stick-meta":"","header-main-stick-meta":"","header-below-stick-meta":"","astra-migrate-meta-layouts":"default","ast-page-background-enabled":"default","ast-page-background-meta":{"desktop":{"background-color":"var(--ast-global-color-4)","background-image":"","background-repeat":"repeat","background-position":"center center","background-size":"auto","background-attachment":"scroll","background-type":"","background-media":"","overlay-type":"","overlay-color":"","overlay-opacity":"","overlay-gradient":""},"tablet":{"background-color":"","background-image":"","background-repeat":"repeat","background-position":"center center","background-size":"auto","background-attachment":"scroll","background-type":"","background-media":"","overlay-type":"","overlay-color":"","overlay-opacity":"","overlay-gradient":""},"mobile":{"background-color":"","background-image":"","background-repeat":"repeat","background-position":"center center","background-size":"auto","background-attachment":"scroll","background-type":"","background-media":"","overlay-type":"","overlay-color":"","overlay-opacity":"","overlay-gradient":""}},"ast-content-background-meta":{"desktop":{"background-color":"var(--ast-global-color-5)","background-image":"","background-repeat":"repeat","background-position":"center center","background-size":"auto","background-attachment":"scroll","background-type":"","background-media":"","overlay-type":"","overlay-color":"","overlay-opacity":"","overlay-gradient":""},"tablet":{"background-color":"var(--ast-global-color-5)","background-image":"","background-repeat":"repeat","background-position":"center center","background-size":"auto","background-attachment":"scroll","background-type":"","background-media":"","overlay-type":"","overlay-color":"","overlay-opacity":"","overlay-gradient":""},"mobile":{"background-color":"var(--ast-global-color-5)","background-image":"","background-repeat":"repeat","background-position":"center center","background-size":"auto","background-attachment":"scroll","background-type":"","background-media":"","overlay-type":"","overlay-color":"","overlay-opacity":"","overlay-gradient":""}},"footnotes":""},"categories":[3],"tags":[],"class_list":["post-18795","post","type-post","status-publish","format-standard","hentry","category-noticias"],"_links":{"self":[{"href":"https:\/\/www.sobradinho.rs.gov.br\/portal\/index.php?rest_route=\/wp\/v2\/posts\/18795","targetHints":{"allow":["GET"]}}],"collection":[{"href":"https:\/\/www.sobradinho.rs.gov.br\/portal\/index.php?rest_route=\/wp\/v2\/posts"}],"about":[{"href":"https:\/\/www.sobradinho.rs.gov.br\/portal\/index.php?rest_route=\/wp\/v2\/types\/post"}],"author":[{"embeddable":true,"href":"https:\/\/www.sobradinho.rs.gov.br\/portal\/index.php?rest_route=\/wp\/v2\/users\/24"}],"replies":[{"embeddable":true,"href":"https:\/\/www.sobradinho.rs.gov.br\/portal\/index.php?rest_route=%2Fwp%2Fv2%2Fcomments&post=18795"}],"version-history":[{"count":1,"href":"https:\/\/www.sobradinho.rs.gov.br\/portal\/index.php?rest_route=\/wp\/v2\/posts\/18795\/revisions"}],"predecessor-version":[{"id":18796,"href":"https:\/\/www.sobradinho.rs.gov.br\/portal\/index.php?rest_route=\/wp\/v2\/posts\/18795\/revisions\/18796"}],"wp:attachment":[{"href":"https:\/\/www.sobradinho.rs.gov.br\/portal\/index.php?rest_route=%2Fwp%2Fv2%2Fmedia&parent=18795"}],"wp:term":[{"taxonomy":"category","embeddable":true,"href":"https:\/\/www.sobradinho.rs.gov.br\/portal\/index.php?rest_route=%2Fwp%2Fv2%2Fcategories&post=18795"},{"taxonomy":"post_tag","embeddable":true,"href":"https:\/\/www.sobradinho.rs.gov.br\/portal\/index.php?rest_route=%2Fwp%2Fv2%2Ftags&post=18795"}],"curies":[{"name":"wp","href":"https:\/\/api.w.org\/{rel}","templated":true}]}}