{"id":18797,"date":"2025-04-10T13:51:18","date_gmt":"2025-04-10T16:51:18","guid":{"rendered":"https:\/\/www.sobradinho.rs.gov.br\/portal\/?p=18797"},"modified":"2025-04-10T13:51:18","modified_gmt":"2025-04-10T16:51:18","slug":"prefeitura-anuncia-novo-coordenador-e-adjunto-da-defesa-civil-municipal","status":"publish","type":"post","link":"https:\/\/www.sobradinho.rs.gov.br\/portal\/?p=18797","title":{"rendered":"Prefeitura anuncia novo coordenador e adjunto da Defesa Civil Municipal"},"content":{"rendered":"\n<p>A Prefeitura Municipal de Sobradinho anunciou em reuni\u00e3o realizada no dia 31 de mar\u00e7o, a nomea\u00e7\u00e3o de Cassiano Ruoso Morais para o cargo de Coordenador da Defesa Civil Municipal. O novo coordenador assumiu a fun\u00e7\u00e3o no dia 1\u00ba de abril, juntamente com o novo coordenador adjunto Paulo Renato Lousado de Morais.<br>Al\u00e9m disso, a reuni\u00e3o tamb\u00e9m abordou os recursos oriundos da Defesa Civil federal e estadual, que s\u00e3o fundamentais para a execu\u00e7\u00e3o de a\u00e7\u00f5es de preven\u00e7\u00e3o e resposta a desastres no munic\u00edpio.<\/p>\n\n\n\n<p>Ap\u00f3s 30 anos de atua\u00e7\u00e3o no servi\u00e7o p\u00fablico, o servidor da Prefeitura de Sobradinho, Jos\u00e9 Carlos Spanevello, se prepara para a aposentadoria. Durante esse per\u00edodo, Spanevello desempenhou um papel fundamental na gest\u00e3o de crises e emerg\u00eancias do munic\u00edpio, estando \u00e0 frente da Coordenadoria Municipal de Defesa Civil por 22 anos. A mudan\u00e7a na coordenadoria ocorreu em raz\u00e3o disso.<\/p>\n\n\n\n<p>A transi\u00e7\u00e3o foi planejada para garantir que os trabalhos desenvolvidos ao longo de sua gest\u00e3o tenham continuidade, fortalecendo as a\u00e7\u00f5es de preven\u00e7\u00e3o e resposta a desastres no munic\u00edpio.<\/p>\n\n\n\n<p>Ao se despedir da fun\u00e7\u00e3o, Jos\u00e9 Carlos Spanevello expressa sua gratid\u00e3o a todas as entidades p\u00fablicas, privadas e volunt\u00e1rios que colaboraram ao longo de sua trajet\u00f3ria. &#8220;A Defesa Civil somos todos n\u00f3s, e s\u00f3 conseguimos alcan\u00e7ar esses resultados gra\u00e7as ao empenho coletivo e ao compromisso de cada um&#8221;, destacou.<\/p>\n\n\n\n<p>A Prefeitura de Sobradinho reconhece e agradece o compromisso de Spanevello ao longo desses anos, deixando um legado de trabalho e dedica\u00e7\u00e3o ao bem-estar da comunidade. Seu exemplo ser\u00e1 inspira\u00e7\u00e3o para as futuras gera\u00e7\u00f5es de servidores p\u00fablicos que atuar\u00e3o na Defesa Civil do munic\u00edpio.<\/p>\n","protected":false},"excerpt":{"rendered":"<p>A Prefeitura Municipal de Sobradinho anunciou em reuni\u00e3o realizada no dia 31 de mar\u00e7o, a nomea\u00e7\u00e3o de Cassiano Ruoso Morais [&hellip;]<\/p>\n","protected":false},"author":24,"featured_media":0,"comment_status":"open","ping_status":"open","sticky":false,"template":"","format":"standard","meta":{"_eb_attr":"","site-sidebar-layout":"default","site-content-layout":"","ast-site-content-layout":"default","site-content-style":"default","site-sidebar-style":"default","ast-global-header-display":"","ast-banner-title-visibility":"","ast-main-header-display":"","ast-hfb-above-header-display":"","ast-hfb-below-header-display":"","ast-hfb-mobile-header-display":"","site-post-title":"","ast-breadcrumbs-content":"","ast-featured-img":"","footer-sml-layout":"","theme-transparent-header-meta":"","adv-header-id-meta":"","stick-header-meta":"","header-above-stick-meta":"","header-main-stick-meta":"","header-below-stick-meta":"","astra-migrate-meta-layouts":"default","ast-page-background-enabled":"default","ast-page-background-meta":{"desktop":{"background-color":"var(--ast-global-color-4)","background-image":"","background-repeat":"repeat","background-position":"center center","background-size":"auto","background-attachment":"scroll","background-type":"","background-media":"","overlay-type":"","overlay-color":"","overlay-opacity":"","overlay-gradient":""},"tablet":{"background-color":"","background-image":"","background-repeat":"repeat","background-position":"center center","background-size":"auto","background-attachment":"scroll","background-type":"","background-media":"","overlay-type":"","overlay-color":"","overlay-opacity":"","overlay-gradient":""},"mobile":{"background-color":"","background-image":"","background-repeat":"repeat","background-position":"center center","background-size":"auto","background-attachment":"scroll","background-type":"","background-media":"","overlay-type":"","overlay-color":"","overlay-opacity":"","overlay-gradient":""}},"ast-content-background-meta":{"desktop":{"background-color":"var(--ast-global-color-5)","background-image":"","background-repeat":"repeat","background-position":"center center","background-size":"auto","background-attachment":"scroll","background-type":"","background-media":"","overlay-type":"","overlay-color":"","overlay-opacity":"","overlay-gradient":""},"tablet":{"background-color":"var(--ast-global-color-5)","background-image":"","background-repeat":"repeat","background-position":"center center","background-size":"auto","background-attachment":"scroll","background-type":"","background-media":"","overlay-type":"","overlay-color":"","overlay-opacity":"","overlay-gradient":""},"mobile":{"background-color":"var(--ast-global-color-5)","background-image":"","background-repeat":"repeat","background-position":"center center","background-size":"auto","background-attachment":"scroll","background-type":"","background-media":"","overlay-type":"","overlay-color":"","overlay-opacity":"","overlay-gradient":""}},"footnotes":""},"categories":[3],"tags":[],"class_list":["post-18797","post","type-post","status-publish","format-standard","hentry","category-noticias"],"_links":{"self":[{"href":"https:\/\/www.sobradinho.rs.gov.br\/portal\/index.php?rest_route=\/wp\/v2\/posts\/18797","targetHints":{"allow":["GET"]}}],"collection":[{"href":"https:\/\/www.sobradinho.rs.gov.br\/portal\/index.php?rest_route=\/wp\/v2\/posts"}],"about":[{"href":"https:\/\/www.sobradinho.rs.gov.br\/portal\/index.php?rest_route=\/wp\/v2\/types\/post"}],"author":[{"embeddable":true,"href":"https:\/\/www.sobradinho.rs.gov.br\/portal\/index.php?rest_route=\/wp\/v2\/users\/24"}],"replies":[{"embeddable":true,"href":"https:\/\/www.sobradinho.rs.gov.br\/portal\/index.php?rest_route=%2Fwp%2Fv2%2Fcomments&post=18797"}],"version-history":[{"count":1,"href":"https:\/\/www.sobradinho.rs.gov.br\/portal\/index.php?rest_route=\/wp\/v2\/posts\/18797\/revisions"}],"predecessor-version":[{"id":18798,"href":"https:\/\/www.sobradinho.rs.gov.br\/portal\/index.php?rest_route=\/wp\/v2\/posts\/18797\/revisions\/18798"}],"wp:attachment":[{"href":"https:\/\/www.sobradinho.rs.gov.br\/portal\/index.php?rest_route=%2Fwp%2Fv2%2Fmedia&parent=18797"}],"wp:term":[{"taxonomy":"category","embeddable":true,"href":"https:\/\/www.sobradinho.rs.gov.br\/portal\/index.php?rest_route=%2Fwp%2Fv2%2Fcategories&post=18797"},{"taxonomy":"post_tag","embeddable":true,"href":"https:\/\/www.sobradinho.rs.gov.br\/portal\/index.php?rest_route=%2Fwp%2Fv2%2Ftags&post=18797"}],"curies":[{"name":"wp","href":"https:\/\/api.w.org\/{rel}","templated":true}]}}