{"id":18799,"date":"2025-04-10T13:52:01","date_gmt":"2025-04-10T16:52:01","guid":{"rendered":"https:\/\/www.sobradinho.rs.gov.br\/portal\/?p=18799"},"modified":"2025-04-10T13:52:01","modified_gmt":"2025-04-10T16:52:01","slug":"municipio-de-sobradinho-e-contemplado-com-moradias-pelo-programa-a-casa-e-sua-calamidade","status":"publish","type":"post","link":"https:\/\/www.sobradinho.rs.gov.br\/portal\/?p=18799","title":{"rendered":"Munic\u00edpio de Sobradinho \u00e9 contemplado com moradias pelo programa A Casa \u00e9 Sua &#8211; Calamidade"},"content":{"rendered":"\n<p>Na segunda-feira, 31 de mar\u00e7o, o prefeito de Sobradinho, Luiz Affonso Trevisan, acompanhado pelo vice-prefeito Nilo Wietzke, pelo vereador Jonas Horbach e pela coordenadora de projetos Cleura Minetto, estiveram em Porto Alegre para uma reuni\u00e3o na Secretaria de Habita\u00e7\u00e3o e Regulariza\u00e7\u00e3o Fundi\u00e1ria do Estado. O encontro trouxe uma excelente not\u00edcia para Sobradinho, o munic\u00edpio foi contemplado com moradias destinadas \u00e0s fam\u00edlias afetadas pela enchente do ano passado.<\/p>\n\n\n\n<p>Inicialmente, estavam previstas 29 unidades habitacionais. No entanto, a apresenta\u00e7\u00e3o de um projeto que destacou um espa\u00e7o amplo e adequado para novas moradias possibilitou a amplia\u00e7\u00e3o desse n\u00famero para 41 unidades.<\/p>\n\n\n\n<p>As moradias ser\u00e3o constru\u00eddas por meio do programa habitacional estadual &#8220;A Casa \u00e9 Sua &#8211; Calamidade&#8221;, criado para atender fam\u00edlias afetadas por desastres naturais no Rio Grande do Sul. O objetivo \u00e9 garantir moradia digna para quem perdeu suas casas em situa\u00e7\u00f5es de calamidade p\u00fablica.<\/p>\n\n\n\n<p>Mais informa\u00e7\u00f5es sobre o projeto e os pr\u00f3ximos passos ser\u00e3o divulgadas conforme o andamento do processo.<\/p>\n","protected":false},"excerpt":{"rendered":"<p>Na segunda-feira, 31 de mar\u00e7o, o prefeito de Sobradinho, Luiz Affonso Trevisan, acompanhado pelo vice-prefeito Nilo Wietzke, pelo vereador Jonas [&hellip;]<\/p>\n","protected":false},"author":24,"featured_media":0,"comment_status":"open","ping_status":"open","sticky":false,"template":"","format":"standard","meta":{"_eb_attr":"","site-sidebar-layout":"default","site-content-layout":"","ast-site-content-layout":"default","site-content-style":"default","site-sidebar-style":"default","ast-global-header-display":"","ast-banner-title-visibility":"","ast-main-header-display":"","ast-hfb-above-header-display":"","ast-hfb-below-header-display":"","ast-hfb-mobile-header-display":"","site-post-title":"","ast-breadcrumbs-content":"","ast-featured-img":"","footer-sml-layout":"","theme-transparent-header-meta":"","adv-header-id-meta":"","stick-header-meta":"","header-above-stick-meta":"","header-main-stick-meta":"","header-below-stick-meta":"","astra-migrate-meta-layouts":"default","ast-page-background-enabled":"default","ast-page-background-meta":{"desktop":{"background-color":"var(--ast-global-color-4)","background-image":"","background-repeat":"repeat","background-position":"center center","background-size":"auto","background-attachment":"scroll","background-type":"","background-media":"","overlay-type":"","overlay-color":"","overlay-opacity":"","overlay-gradient":""},"tablet":{"background-color":"","background-image":"","background-repeat":"repeat","background-position":"center center","background-size":"auto","background-attachment":"scroll","background-type":"","background-media":"","overlay-type":"","overlay-color":"","overlay-opacity":"","overlay-gradient":""},"mobile":{"background-color":"","background-image":"","background-repeat":"repeat","background-position":"center center","background-size":"auto","background-attachment":"scroll","background-type":"","background-media":"","overlay-type":"","overlay-color":"","overlay-opacity":"","overlay-gradient":""}},"ast-content-background-meta":{"desktop":{"background-color":"var(--ast-global-color-5)","background-image":"","background-repeat":"repeat","background-position":"center center","background-size":"auto","background-attachment":"scroll","background-type":"","background-media":"","overlay-type":"","overlay-color":"","overlay-opacity":"","overlay-gradient":""},"tablet":{"background-color":"var(--ast-global-color-5)","background-image":"","background-repeat":"repeat","background-position":"center center","background-size":"auto","background-attachment":"scroll","background-type":"","background-media":"","overlay-type":"","overlay-color":"","overlay-opacity":"","overlay-gradient":""},"mobile":{"background-color":"var(--ast-global-color-5)","background-image":"","background-repeat":"repeat","background-position":"center center","background-size":"auto","background-attachment":"scroll","background-type":"","background-media":"","overlay-type":"","overlay-color":"","overlay-opacity":"","overlay-gradient":""}},"footnotes":""},"categories":[3],"tags":[],"class_list":["post-18799","post","type-post","status-publish","format-standard","hentry","category-noticias"],"_links":{"self":[{"href":"https:\/\/www.sobradinho.rs.gov.br\/portal\/index.php?rest_route=\/wp\/v2\/posts\/18799","targetHints":{"allow":["GET"]}}],"collection":[{"href":"https:\/\/www.sobradinho.rs.gov.br\/portal\/index.php?rest_route=\/wp\/v2\/posts"}],"about":[{"href":"https:\/\/www.sobradinho.rs.gov.br\/portal\/index.php?rest_route=\/wp\/v2\/types\/post"}],"author":[{"embeddable":true,"href":"https:\/\/www.sobradinho.rs.gov.br\/portal\/index.php?rest_route=\/wp\/v2\/users\/24"}],"replies":[{"embeddable":true,"href":"https:\/\/www.sobradinho.rs.gov.br\/portal\/index.php?rest_route=%2Fwp%2Fv2%2Fcomments&post=18799"}],"version-history":[{"count":1,"href":"https:\/\/www.sobradinho.rs.gov.br\/portal\/index.php?rest_route=\/wp\/v2\/posts\/18799\/revisions"}],"predecessor-version":[{"id":18800,"href":"https:\/\/www.sobradinho.rs.gov.br\/portal\/index.php?rest_route=\/wp\/v2\/posts\/18799\/revisions\/18800"}],"wp:attachment":[{"href":"https:\/\/www.sobradinho.rs.gov.br\/portal\/index.php?rest_route=%2Fwp%2Fv2%2Fmedia&parent=18799"}],"wp:term":[{"taxonomy":"category","embeddable":true,"href":"https:\/\/www.sobradinho.rs.gov.br\/portal\/index.php?rest_route=%2Fwp%2Fv2%2Fcategories&post=18799"},{"taxonomy":"post_tag","embeddable":true,"href":"https:\/\/www.sobradinho.rs.gov.br\/portal\/index.php?rest_route=%2Fwp%2Fv2%2Ftags&post=18799"}],"curies":[{"name":"wp","href":"https:\/\/api.w.org\/{rel}","templated":true}]}}