{"id":18803,"date":"2025-04-10T13:53:23","date_gmt":"2025-04-10T16:53:23","guid":{"rendered":"https:\/\/www.sobradinho.rs.gov.br\/portal\/?p=18803"},"modified":"2025-04-10T13:53:23","modified_gmt":"2025-04-10T16:53:23","slug":"casos-de-dengue-confirmados-reforcam-a-importancia-da-prevencao","status":"publish","type":"post","link":"https:\/\/www.sobradinho.rs.gov.br\/portal\/?p=18803","title":{"rendered":"Casos de Dengue Confirmados Refor\u00e7am a Import\u00e2ncia da Preven\u00e7\u00e3o"},"content":{"rendered":"\n<p>A Secretaria Municipal da Sa\u00fade de Sobradinho comunica que dois casos positivos de dengue foram confirmados no munic\u00edpio, destacando a necessidade de intensificar as medidas preventivas contra a prolifera\u00e7\u00e3o do mosquito Aedes aegypti. Para evitar novos casos, a popula\u00e7\u00e3o deve se prevenir, eliminando poss\u00edveis criadouros do mosquito, como recipientes que acumulam \u00e1gua parada, incluindo vasos, pneus, garrafas, caixas e bombonas de recolhimento de \u00e1gua da chuva, al\u00e9m de piscinas sem manuten\u00e7\u00e3o. O uso de repelentes e a instala\u00e7\u00e3o de telas em janelas tamb\u00e9m s\u00e3o recomendados como formas de prote\u00e7\u00e3o.<\/p>\n\n\n\n<p>Al\u00e9m das a\u00e7\u00f5es individuais, a Prefeitura Municipal est\u00e1 refor\u00e7ando a fiscaliza\u00e7\u00e3o em terrenos baldios e promover\u00e1 mutir\u00f5es com Agentes Comunit\u00e1rios de Sa\u00fade para informar e conscientizar os moradores. Agentes de endemias est\u00e3o visitando as resid\u00eancias da \u00e1rea afetada para orientar a popula\u00e7\u00e3o, remover criadouros e aplicar tratamento qu\u00edmico nos locais necess\u00e1rios.<\/p>\n\n\n\n<p>A colabora\u00e7\u00e3o da comunidade \u00e9 essencial no combate \u00e0 dengue. Den\u00fancias sobre locais com ac\u00famulo de lixo ou \u00e1gua parada podem ser feitas diretamente \u00e0 Ouvidoria da Prefeitura Municipal. A uni\u00e3o entre poder p\u00fablico e moradores \u00e9 fundamental para evitar novos casos e conter a dissemina\u00e7\u00e3o da doen\u00e7a.<\/p>\n\n\n\n<p>A Secretaria Municipal de Sa\u00fade, por meio da Vigil\u00e2ncia Epidemiol\u00f3gica, orienta que qualquer pessoa que apresentar sinais e sintomas suspeitos de dengue procure imediatamente a Unidade B\u00e1sica de Sa\u00fade para atendimento.<\/p>\n","protected":false},"excerpt":{"rendered":"<p>A Secretaria Municipal da Sa\u00fade de Sobradinho comunica que dois casos positivos de dengue foram confirmados no munic\u00edpio, destacando a [&hellip;]<\/p>\n","protected":false},"author":24,"featured_media":0,"comment_status":"open","ping_status":"open","sticky":false,"template":"","format":"standard","meta":{"_eb_attr":"","site-sidebar-layout":"default","site-content-layout":"","ast-site-content-layout":"default","site-content-style":"default","site-sidebar-style":"default","ast-global-header-display":"","ast-banner-title-visibility":"","ast-main-header-display":"","ast-hfb-above-header-display":"","ast-hfb-below-header-display":"","ast-hfb-mobile-header-display":"","site-post-title":"","ast-breadcrumbs-content":"","ast-featured-img":"","footer-sml-layout":"","theme-transparent-header-meta":"","adv-header-id-meta":"","stick-header-meta":"","header-above-stick-meta":"","header-main-stick-meta":"","header-below-stick-meta":"","astra-migrate-meta-layouts":"default","ast-page-background-enabled":"default","ast-page-background-meta":{"desktop":{"background-color":"var(--ast-global-color-4)","background-image":"","background-repeat":"repeat","background-position":"center center","background-size":"auto","background-attachment":"scroll","background-type":"","background-media":"","overlay-type":"","overlay-color":"","overlay-opacity":"","overlay-gradient":""},"tablet":{"background-color":"","background-image":"","background-repeat":"repeat","background-position":"center center","background-size":"auto","background-attachment":"scroll","background-type":"","background-media":"","overlay-type":"","overlay-color":"","overlay-opacity":"","overlay-gradient":""},"mobile":{"background-color":"","background-image":"","background-repeat":"repeat","background-position":"center center","background-size":"auto","background-attachment":"scroll","background-type":"","background-media":"","overlay-type":"","overlay-color":"","overlay-opacity":"","overlay-gradient":""}},"ast-content-background-meta":{"desktop":{"background-color":"var(--ast-global-color-5)","background-image":"","background-repeat":"repeat","background-position":"center center","background-size":"auto","background-attachment":"scroll","background-type":"","background-media":"","overlay-type":"","overlay-color":"","overlay-opacity":"","overlay-gradient":""},"tablet":{"background-color":"var(--ast-global-color-5)","background-image":"","background-repeat":"repeat","background-position":"center center","background-size":"auto","background-attachment":"scroll","background-type":"","background-media":"","overlay-type":"","overlay-color":"","overlay-opacity":"","overlay-gradient":""},"mobile":{"background-color":"var(--ast-global-color-5)","background-image":"","background-repeat":"repeat","background-position":"center center","background-size":"auto","background-attachment":"scroll","background-type":"","background-media":"","overlay-type":"","overlay-color":"","overlay-opacity":"","overlay-gradient":""}},"footnotes":""},"categories":[3],"tags":[],"class_list":["post-18803","post","type-post","status-publish","format-standard","hentry","category-noticias"],"_links":{"self":[{"href":"https:\/\/www.sobradinho.rs.gov.br\/portal\/index.php?rest_route=\/wp\/v2\/posts\/18803","targetHints":{"allow":["GET"]}}],"collection":[{"href":"https:\/\/www.sobradinho.rs.gov.br\/portal\/index.php?rest_route=\/wp\/v2\/posts"}],"about":[{"href":"https:\/\/www.sobradinho.rs.gov.br\/portal\/index.php?rest_route=\/wp\/v2\/types\/post"}],"author":[{"embeddable":true,"href":"https:\/\/www.sobradinho.rs.gov.br\/portal\/index.php?rest_route=\/wp\/v2\/users\/24"}],"replies":[{"embeddable":true,"href":"https:\/\/www.sobradinho.rs.gov.br\/portal\/index.php?rest_route=%2Fwp%2Fv2%2Fcomments&post=18803"}],"version-history":[{"count":1,"href":"https:\/\/www.sobradinho.rs.gov.br\/portal\/index.php?rest_route=\/wp\/v2\/posts\/18803\/revisions"}],"predecessor-version":[{"id":18804,"href":"https:\/\/www.sobradinho.rs.gov.br\/portal\/index.php?rest_route=\/wp\/v2\/posts\/18803\/revisions\/18804"}],"wp:attachment":[{"href":"https:\/\/www.sobradinho.rs.gov.br\/portal\/index.php?rest_route=%2Fwp%2Fv2%2Fmedia&parent=18803"}],"wp:term":[{"taxonomy":"category","embeddable":true,"href":"https:\/\/www.sobradinho.rs.gov.br\/portal\/index.php?rest_route=%2Fwp%2Fv2%2Fcategories&post=18803"},{"taxonomy":"post_tag","embeddable":true,"href":"https:\/\/www.sobradinho.rs.gov.br\/portal\/index.php?rest_route=%2Fwp%2Fv2%2Ftags&post=18803"}],"curies":[{"name":"wp","href":"https:\/\/api.w.org\/{rel}","templated":true}]}}