{"id":18805,"date":"2025-04-10T13:53:59","date_gmt":"2025-04-10T16:53:59","guid":{"rendered":"https:\/\/www.sobradinho.rs.gov.br\/portal\/?p=18805"},"modified":"2025-04-10T13:53:59","modified_gmt":"2025-04-10T16:53:59","slug":"vacinacao-contra-influenza-comeca-em-sobradinho-na-proxima-semana","status":"publish","type":"post","link":"https:\/\/www.sobradinho.rs.gov.br\/portal\/?p=18805","title":{"rendered":"Vacina\u00e7\u00e3o contra Influenza come\u00e7a em Sobradinho na pr\u00f3xima semana"},"content":{"rendered":"\n<p>A Secretaria Municipal da Sa\u00fade informa a popula\u00e7\u00e3o de Sobradinho sobre o in\u00edcio da Estrat\u00e9gia de Vacina\u00e7\u00e3o contra a Influenza 2025, que come\u00e7ar\u00e1 na pr\u00f3xima segunda-feira, dia 7 de abril. Todas as unidades de sa\u00fade do munic\u00edpio estar\u00e3o aplicando as doses de segunda a sexta-feira, nos hor\u00e1rios das 9h \u00e0s 11h e das 14h \u00e0s 16h.<br>A vacina contra a influenza passa a integrar o Calend\u00e1rio Nacional de Vacina\u00e7\u00e3o para crian\u00e7as de 6 meses a menores de 6 anos (5 anos, 11 meses e 29 dias), idosos com 60 anos ou mais e gestantes.<br>Al\u00e9m desses grupos, a vacina tamb\u00e9m ser\u00e1 disponibilizada para:<br>Pu\u00e9rperas;<br>Povos ind\u00edgenas e quilombolas;<br>Trabalhadores da sa\u00fade;<br>Professores de escolas p\u00fablicas e privadas;<br>Pessoas com doen\u00e7as cr\u00f4nicas n\u00e3o transmiss\u00edveis e outras condi\u00e7\u00f5es cl\u00ednicas especiais;<br>Pessoas com defici\u00eancia permanente;<br>Profissionais das for\u00e7as de seguran\u00e7a e salvamento e das for\u00e7as armadas;<br>Caminhoneiros e trabalhadores do transporte coletivo rodovi\u00e1rio urbano e de longo curso;<br>Trabalhadores portu\u00e1rios;<br>Funcion\u00e1rios do sistema prisional;<br>Adolescentes e jovens de 12 a 21 anos sob medidas socioeducativas;<br>Popula\u00e7\u00e3o privada de liberdade.<br>Para se vacinar, \u00e9 necess\u00e1rio procurar a unidade de sa\u00fade de refer\u00eancia, levando documento de identidade e carteira de vacina\u00e7\u00e3o. Pessoas com comorbidades devem apresentar atestado ou receita m\u00e9dica que comprove a condi\u00e7\u00e3o, e os profissionais inclu\u00eddos nos grupos priorit\u00e1rios devem levar documento que comprove sua atua\u00e7\u00e3o.<br>A vacina\u00e7\u00e3o \u00e9 essencial para prevenir as formas mais graves da doen\u00e7a. N\u00e3o deixe de se imunizar!<\/p>\n","protected":false},"excerpt":{"rendered":"<p>A Secretaria Municipal da Sa\u00fade informa a popula\u00e7\u00e3o de Sobradinho sobre o in\u00edcio da Estrat\u00e9gia de Vacina\u00e7\u00e3o contra a Influenza [&hellip;]<\/p>\n","protected":false},"author":24,"featured_media":0,"comment_status":"open","ping_status":"open","sticky":false,"template":"","format":"standard","meta":{"_eb_attr":"","site-sidebar-layout":"default","site-content-layout":"","ast-site-content-layout":"default","site-content-style":"default","site-sidebar-style":"default","ast-global-header-display":"","ast-banner-title-visibility":"","ast-main-header-display":"","ast-hfb-above-header-display":"","ast-hfb-below-header-display":"","ast-hfb-mobile-header-display":"","site-post-title":"","ast-breadcrumbs-content":"","ast-featured-img":"","footer-sml-layout":"","theme-transparent-header-meta":"","adv-header-id-meta":"","stick-header-meta":"","header-above-stick-meta":"","header-main-stick-meta":"","header-below-stick-meta":"","astra-migrate-meta-layouts":"default","ast-page-background-enabled":"default","ast-page-background-meta":{"desktop":{"background-color":"var(--ast-global-color-4)","background-image":"","background-repeat":"repeat","background-position":"center center","background-size":"auto","background-attachment":"scroll","background-type":"","background-media":"","overlay-type":"","overlay-color":"","overlay-opacity":"","overlay-gradient":""},"tablet":{"background-color":"","background-image":"","background-repeat":"repeat","background-position":"center center","background-size":"auto","background-attachment":"scroll","background-type":"","background-media":"","overlay-type":"","overlay-color":"","overlay-opacity":"","overlay-gradient":""},"mobile":{"background-color":"","background-image":"","background-repeat":"repeat","background-position":"center center","background-size":"auto","background-attachment":"scroll","background-type":"","background-media":"","overlay-type":"","overlay-color":"","overlay-opacity":"","overlay-gradient":""}},"ast-content-background-meta":{"desktop":{"background-color":"var(--ast-global-color-5)","background-image":"","background-repeat":"repeat","background-position":"center center","background-size":"auto","background-attachment":"scroll","background-type":"","background-media":"","overlay-type":"","overlay-color":"","overlay-opacity":"","overlay-gradient":""},"tablet":{"background-color":"var(--ast-global-color-5)","background-image":"","background-repeat":"repeat","background-position":"center center","background-size":"auto","background-attachment":"scroll","background-type":"","background-media":"","overlay-type":"","overlay-color":"","overlay-opacity":"","overlay-gradient":""},"mobile":{"background-color":"var(--ast-global-color-5)","background-image":"","background-repeat":"repeat","background-position":"center center","background-size":"auto","background-attachment":"scroll","background-type":"","background-media":"","overlay-type":"","overlay-color":"","overlay-opacity":"","overlay-gradient":""}},"footnotes":""},"categories":[3],"tags":[],"class_list":["post-18805","post","type-post","status-publish","format-standard","hentry","category-noticias"],"_links":{"self":[{"href":"https:\/\/www.sobradinho.rs.gov.br\/portal\/index.php?rest_route=\/wp\/v2\/posts\/18805","targetHints":{"allow":["GET"]}}],"collection":[{"href":"https:\/\/www.sobradinho.rs.gov.br\/portal\/index.php?rest_route=\/wp\/v2\/posts"}],"about":[{"href":"https:\/\/www.sobradinho.rs.gov.br\/portal\/index.php?rest_route=\/wp\/v2\/types\/post"}],"author":[{"embeddable":true,"href":"https:\/\/www.sobradinho.rs.gov.br\/portal\/index.php?rest_route=\/wp\/v2\/users\/24"}],"replies":[{"embeddable":true,"href":"https:\/\/www.sobradinho.rs.gov.br\/portal\/index.php?rest_route=%2Fwp%2Fv2%2Fcomments&post=18805"}],"version-history":[{"count":1,"href":"https:\/\/www.sobradinho.rs.gov.br\/portal\/index.php?rest_route=\/wp\/v2\/posts\/18805\/revisions"}],"predecessor-version":[{"id":18806,"href":"https:\/\/www.sobradinho.rs.gov.br\/portal\/index.php?rest_route=\/wp\/v2\/posts\/18805\/revisions\/18806"}],"wp:attachment":[{"href":"https:\/\/www.sobradinho.rs.gov.br\/portal\/index.php?rest_route=%2Fwp%2Fv2%2Fmedia&parent=18805"}],"wp:term":[{"taxonomy":"category","embeddable":true,"href":"https:\/\/www.sobradinho.rs.gov.br\/portal\/index.php?rest_route=%2Fwp%2Fv2%2Fcategories&post=18805"},{"taxonomy":"post_tag","embeddable":true,"href":"https:\/\/www.sobradinho.rs.gov.br\/portal\/index.php?rest_route=%2Fwp%2Fv2%2Ftags&post=18805"}],"curies":[{"name":"wp","href":"https:\/\/api.w.org\/{rel}","templated":true}]}}