{"id":18811,"date":"2025-04-10T13:55:40","date_gmt":"2025-04-10T16:55:40","guid":{"rendered":"https:\/\/www.sobradinho.rs.gov.br\/portal\/?p=18811"},"modified":"2025-04-10T13:55:40","modified_gmt":"2025-04-10T16:55:40","slug":"educacao-de-sobradinho-recebe-certificacao-por-promover-diversidade-e-inclusao","status":"publish","type":"post","link":"https:\/\/www.sobradinho.rs.gov.br\/portal\/?p=18811","title":{"rendered":"Educa\u00e7\u00e3o de Sobradinho recebe certifica\u00e7\u00e3o por promover diversidade e inclus\u00e3o"},"content":{"rendered":"\n<p>O munic\u00edpio de Sobradinho foi duplamente reconhecido pelo Minist\u00e9rio da Educa\u00e7\u00e3o por meio de importantes certifica\u00e7\u00f5es que refor\u00e7am o compromisso da gest\u00e3o municipal com uma educa\u00e7\u00e3o p\u00fablica de qualidade, inclusiva e equitativa.<\/p>\n\n\n\n<p>Durante o 35\u00ba F\u00f3rum Estadual Ordin\u00e1rio de Educa\u00e7\u00e3o do Rio Grande do Sul e Regi\u00e3o Sul, realizado de 2 a 4 de abril, em evento promovido pela UNDIME\/RS, a secret\u00e1ria municipal de Educa\u00e7\u00e3o, Cultura, Turismo e Desporto, Lisani Bernardini, recebeu dois certificados que representam avan\u00e7os significativos para a rede de ensino do munic\u00edpio.<\/p>\n\n\n\n<p>O primeiro foi o Selo Petronilha Beatriz Gon\u00e7alves e Silva da Educa\u00e7\u00e3o para as Rela\u00e7\u00f5es \u00c9tnico-Raciais, entregue pela coordenadora do PENEERQ-RS, Fernanda Oliveira. Sobradinho est\u00e1 entre os 77 munic\u00edpios do Rio Grande do Sul reconhecidos por suas a\u00e7\u00f5es educacionais voltadas \u00e0 equidade racial, valorizando a implementa\u00e7\u00e3o da Lei n\u00ba 10.639\/2003, alterada pela Lei n\u00ba 11.645\/2008, que tratam da obrigatoriedade do ensino de hist\u00f3ria e cultura afro-brasileira e ind\u00edgena nas escolas.<\/p>\n\n\n\n<p>Al\u00e9m disso, Sobradinho recebeu o Selo Nacional Compromisso com a Alfabetiza\u00e7\u00e3o, na categoria Prata, uma certifica\u00e7\u00e3o concedida pelo Minist\u00e9rio da Educa\u00e7\u00e3o \u00e0s redes que se destacam pelo empenho na garantia da alfabetiza\u00e7\u00e3o de crian\u00e7as na idade certa.<\/p>\n","protected":false},"excerpt":{"rendered":"<p>O munic\u00edpio de Sobradinho foi duplamente reconhecido pelo Minist\u00e9rio da Educa\u00e7\u00e3o por meio de importantes certifica\u00e7\u00f5es que refor\u00e7am o compromisso [&hellip;]<\/p>\n","protected":false},"author":24,"featured_media":0,"comment_status":"open","ping_status":"open","sticky":false,"template":"","format":"standard","meta":{"_eb_attr":"","site-sidebar-layout":"default","site-content-layout":"","ast-site-content-layout":"default","site-content-style":"default","site-sidebar-style":"default","ast-global-header-display":"","ast-banner-title-visibility":"","ast-main-header-display":"","ast-hfb-above-header-display":"","ast-hfb-below-header-display":"","ast-hfb-mobile-header-display":"","site-post-title":"","ast-breadcrumbs-content":"","ast-featured-img":"","footer-sml-layout":"","theme-transparent-header-meta":"","adv-header-id-meta":"","stick-header-meta":"","header-above-stick-meta":"","header-main-stick-meta":"","header-below-stick-meta":"","astra-migrate-meta-layouts":"default","ast-page-background-enabled":"default","ast-page-background-meta":{"desktop":{"background-color":"var(--ast-global-color-4)","background-image":"","background-repeat":"repeat","background-position":"center center","background-size":"auto","background-attachment":"scroll","background-type":"","background-media":"","overlay-type":"","overlay-color":"","overlay-opacity":"","overlay-gradient":""},"tablet":{"background-color":"","background-image":"","background-repeat":"repeat","background-position":"center center","background-size":"auto","background-attachment":"scroll","background-type":"","background-media":"","overlay-type":"","overlay-color":"","overlay-opacity":"","overlay-gradient":""},"mobile":{"background-color":"","background-image":"","background-repeat":"repeat","background-position":"center center","background-size":"auto","background-attachment":"scroll","background-type":"","background-media":"","overlay-type":"","overlay-color":"","overlay-opacity":"","overlay-gradient":""}},"ast-content-background-meta":{"desktop":{"background-color":"var(--ast-global-color-5)","background-image":"","background-repeat":"repeat","background-position":"center center","background-size":"auto","background-attachment":"scroll","background-type":"","background-media":"","overlay-type":"","overlay-color":"","overlay-opacity":"","overlay-gradient":""},"tablet":{"background-color":"var(--ast-global-color-5)","background-image":"","background-repeat":"repeat","background-position":"center center","background-size":"auto","background-attachment":"scroll","background-type":"","background-media":"","overlay-type":"","overlay-color":"","overlay-opacity":"","overlay-gradient":""},"mobile":{"background-color":"var(--ast-global-color-5)","background-image":"","background-repeat":"repeat","background-position":"center center","background-size":"auto","background-attachment":"scroll","background-type":"","background-media":"","overlay-type":"","overlay-color":"","overlay-opacity":"","overlay-gradient":""}},"footnotes":""},"categories":[3],"tags":[],"class_list":["post-18811","post","type-post","status-publish","format-standard","hentry","category-noticias"],"_links":{"self":[{"href":"https:\/\/www.sobradinho.rs.gov.br\/portal\/index.php?rest_route=\/wp\/v2\/posts\/18811","targetHints":{"allow":["GET"]}}],"collection":[{"href":"https:\/\/www.sobradinho.rs.gov.br\/portal\/index.php?rest_route=\/wp\/v2\/posts"}],"about":[{"href":"https:\/\/www.sobradinho.rs.gov.br\/portal\/index.php?rest_route=\/wp\/v2\/types\/post"}],"author":[{"embeddable":true,"href":"https:\/\/www.sobradinho.rs.gov.br\/portal\/index.php?rest_route=\/wp\/v2\/users\/24"}],"replies":[{"embeddable":true,"href":"https:\/\/www.sobradinho.rs.gov.br\/portal\/index.php?rest_route=%2Fwp%2Fv2%2Fcomments&post=18811"}],"version-history":[{"count":1,"href":"https:\/\/www.sobradinho.rs.gov.br\/portal\/index.php?rest_route=\/wp\/v2\/posts\/18811\/revisions"}],"predecessor-version":[{"id":18812,"href":"https:\/\/www.sobradinho.rs.gov.br\/portal\/index.php?rest_route=\/wp\/v2\/posts\/18811\/revisions\/18812"}],"wp:attachment":[{"href":"https:\/\/www.sobradinho.rs.gov.br\/portal\/index.php?rest_route=%2Fwp%2Fv2%2Fmedia&parent=18811"}],"wp:term":[{"taxonomy":"category","embeddable":true,"href":"https:\/\/www.sobradinho.rs.gov.br\/portal\/index.php?rest_route=%2Fwp%2Fv2%2Fcategories&post=18811"},{"taxonomy":"post_tag","embeddable":true,"href":"https:\/\/www.sobradinho.rs.gov.br\/portal\/index.php?rest_route=%2Fwp%2Fv2%2Ftags&post=18811"}],"curies":[{"name":"wp","href":"https:\/\/api.w.org\/{rel}","templated":true}]}}