{"id":19463,"date":"2025-07-03T12:44:29","date_gmt":"2025-07-03T15:44:29","guid":{"rendered":"https:\/\/www.sobradinho.rs.gov.br\/portal\/?p=19463"},"modified":"2025-07-03T12:44:29","modified_gmt":"2025-07-03T15:44:29","slug":"mudancas-de-horarios","status":"publish","type":"post","link":"https:\/\/www.sobradinho.rs.gov.br\/portal\/?p=19463","title":{"rendered":"Mudan\u00e7as de hor\u00e1rios"},"content":{"rendered":"\n<p>A Prefeitura de Sobradinho, por meio de Decreto instituiu turno \u00fanico no servi\u00e7o p\u00fablico municipal desempenhado no Centro Administrativo e alterou os hor\u00e1rios de atendimento nos Postos de Sa\u00fade, CRAS e Almoxarifado. As mudan\u00e7as entram em vigor a partir do dia 3 de julho e seguir\u00e3o at\u00e9 o dia 2 de setembro de 2025.<br>A principal motiva\u00e7\u00e3o para a ado\u00e7\u00e3o do turno \u00fanico no Centro Administrativo \u00e9 a precariedade da fia\u00e7\u00e3o el\u00e9trica no pr\u00e9dio, que n\u00e3o suporta o uso simult\u00e2neo de equipamentos eletr\u00f4nicos e sistema de aquecimento. A sobrecarga tem provocado quedas frequentes de energia, prejudicando a continuidade do servi\u00e7o p\u00fablico e causando a queima de equipamentos eletr\u00f4nicos e el\u00e9tricos, o que gera preju\u00edzos.<br>Confira como ficam os hor\u00e1rios de funcionamento:<br>Centro Administrativo Municipal: passa a funcionar em turno \u00fanico, das 12h \u00e0s 18h, de segunda a sexta-feira;<br>CRAS e Almoxarifado: funcionar\u00e3o das 8h \u00e0s 12h e das 13h30 \u00e0s 17h30, de segunda a sexta-feira.<br>Postos de Sa\u00fade Municipais: das 8h \u00e0s 12h e das 13h \u00e0s 17h , de segunda a sexta-feira.<br>As altera\u00e7\u00f5es n\u00e3o se aplicam \u00e0s atividades de educa\u00e7\u00e3o e ensino, nem ao transporte escolar, que seguir\u00e3o com seus hor\u00e1rios normais. No entanto, os setores administrativos das Secretarias Municipais de Educa\u00e7\u00e3o e de Sa\u00fade tamb\u00e9m adotaram o novo hor\u00e1rio estabelecido no decreto.<br>As Secretarias Municipais est\u00e3o respons\u00e1veis por organizar seus setores para que a mudan\u00e7a tempor\u00e1ria n\u00e3o comprometa o atendimento \u00e0 popula\u00e7\u00e3o nem a produtividade dos servi\u00e7os.<br>Ao final do per\u00edodo determinado, os servidores retornar\u00e3o \u00e0 jornada de trabalho normal prevista em lei para seus respectivos cargos.<\/p>\n\n\n\n<p><\/p>\n","protected":false},"excerpt":{"rendered":"<p>A Prefeitura de Sobradinho, por meio de Decreto instituiu turno \u00fanico no servi\u00e7o p\u00fablico municipal desempenhado no Centro Administrativo e [&hellip;]<\/p>\n","protected":false},"author":24,"featured_media":18460,"comment_status":"open","ping_status":"open","sticky":false,"template":"","format":"standard","meta":{"_eb_attr":"","site-sidebar-layout":"default","site-content-layout":"","ast-site-content-layout":"default","site-content-style":"default","site-sidebar-style":"default","ast-global-header-display":"","ast-banner-title-visibility":"","ast-main-header-display":"","ast-hfb-above-header-display":"","ast-hfb-below-header-display":"","ast-hfb-mobile-header-display":"","site-post-title":"","ast-breadcrumbs-content":"","ast-featured-img":"","footer-sml-layout":"","theme-transparent-header-meta":"","adv-header-id-meta":"","stick-header-meta":"","header-above-stick-meta":"","header-main-stick-meta":"","header-below-stick-meta":"","astra-migrate-meta-layouts":"default","ast-page-background-enabled":"default","ast-page-background-meta":{"desktop":{"background-color":"var(--ast-global-color-4)","background-image":"","background-repeat":"repeat","background-position":"center center","background-size":"auto","background-attachment":"scroll","background-type":"","background-media":"","overlay-type":"","overlay-color":"","overlay-opacity":"","overlay-gradient":""},"tablet":{"background-color":"","background-image":"","background-repeat":"repeat","background-position":"center center","background-size":"auto","background-attachment":"scroll","background-type":"","background-media":"","overlay-type":"","overlay-color":"","overlay-opacity":"","overlay-gradient":""},"mobile":{"background-color":"","background-image":"","background-repeat":"repeat","background-position":"center center","background-size":"auto","background-attachment":"scroll","background-type":"","background-media":"","overlay-type":"","overlay-color":"","overlay-opacity":"","overlay-gradient":""}},"ast-content-background-meta":{"desktop":{"background-color":"var(--ast-global-color-5)","background-image":"","background-repeat":"repeat","background-position":"center center","background-size":"auto","background-attachment":"scroll","background-type":"","background-media":"","overlay-type":"","overlay-color":"","overlay-opacity":"","overlay-gradient":""},"tablet":{"background-color":"var(--ast-global-color-5)","background-image":"","background-repeat":"repeat","background-position":"center center","background-size":"auto","background-attachment":"scroll","background-type":"","background-media":"","overlay-type":"","overlay-color":"","overlay-opacity":"","overlay-gradient":""},"mobile":{"background-color":"var(--ast-global-color-5)","background-image":"","background-repeat":"repeat","background-position":"center center","background-size":"auto","background-attachment":"scroll","background-type":"","background-media":"","overlay-type":"","overlay-color":"","overlay-opacity":"","overlay-gradient":""}},"footnotes":""},"categories":[3],"tags":[],"class_list":["post-19463","post","type-post","status-publish","format-standard","has-post-thumbnail","hentry","category-noticias"],"_links":{"self":[{"href":"https:\/\/www.sobradinho.rs.gov.br\/portal\/index.php?rest_route=\/wp\/v2\/posts\/19463","targetHints":{"allow":["GET"]}}],"collection":[{"href":"https:\/\/www.sobradinho.rs.gov.br\/portal\/index.php?rest_route=\/wp\/v2\/posts"}],"about":[{"href":"https:\/\/www.sobradinho.rs.gov.br\/portal\/index.php?rest_route=\/wp\/v2\/types\/post"}],"author":[{"embeddable":true,"href":"https:\/\/www.sobradinho.rs.gov.br\/portal\/index.php?rest_route=\/wp\/v2\/users\/24"}],"replies":[{"embeddable":true,"href":"https:\/\/www.sobradinho.rs.gov.br\/portal\/index.php?rest_route=%2Fwp%2Fv2%2Fcomments&post=19463"}],"version-history":[{"count":1,"href":"https:\/\/www.sobradinho.rs.gov.br\/portal\/index.php?rest_route=\/wp\/v2\/posts\/19463\/revisions"}],"predecessor-version":[{"id":19464,"href":"https:\/\/www.sobradinho.rs.gov.br\/portal\/index.php?rest_route=\/wp\/v2\/posts\/19463\/revisions\/19464"}],"wp:featuredmedia":[{"embeddable":true,"href":"https:\/\/www.sobradinho.rs.gov.br\/portal\/index.php?rest_route=\/wp\/v2\/media\/18460"}],"wp:attachment":[{"href":"https:\/\/www.sobradinho.rs.gov.br\/portal\/index.php?rest_route=%2Fwp%2Fv2%2Fmedia&parent=19463"}],"wp:term":[{"taxonomy":"category","embeddable":true,"href":"https:\/\/www.sobradinho.rs.gov.br\/portal\/index.php?rest_route=%2Fwp%2Fv2%2Fcategories&post=19463"},{"taxonomy":"post_tag","embeddable":true,"href":"https:\/\/www.sobradinho.rs.gov.br\/portal\/index.php?rest_route=%2Fwp%2Fv2%2Ftags&post=19463"}],"curies":[{"name":"wp","href":"https:\/\/api.w.org\/{rel}","templated":true}]}}