{"id":19468,"date":"2025-07-03T12:50:42","date_gmt":"2025-07-03T15:50:42","guid":{"rendered":"https:\/\/www.sobradinho.rs.gov.br\/portal\/?p=19468"},"modified":"2025-07-03T12:50:42","modified_gmt":"2025-07-03T15:50:42","slug":"grupo-de-saude-mental-reconstrucao-retoma-atividades-no-ginasio-baixadao","status":"publish","type":"post","link":"https:\/\/www.sobradinho.rs.gov.br\/portal\/?p=19468","title":{"rendered":"Grupo de Sa\u00fade Mental \u201cReconstru\u00e7\u00e3o\u201d retoma atividades no Gin\u00e1sio Baixad\u00e3o"},"content":{"rendered":"\n<p>As atividades do Grupo de Sa\u00fade Mental \u201cReconstru\u00e7\u00e3o\u201d foram retomadas no in\u00edcio do m\u00eas de junho, em uma iniciativa promovida pelas agentes comunit\u00e1rias de sa\u00fade em parceria com a enfermeira respons\u00e1vel pela unidade ESF2 da Baixada. O grupo tem como objetivo fortalecer a promo\u00e7\u00e3o da sa\u00fade mental e o bem-estar emocional, com foco na preven\u00e7\u00e3o, acolhimento e apoio a pessoas em situa\u00e7\u00e3o de sofrimento ps\u00edquico.<br>As atividades do grupo envolvem rodas de conversa com profissionais da \u00e1rea da sa\u00fade, oficinas de artesanato, passeios para pontos tur\u00edsticos da regi\u00e3o e outras a\u00e7\u00f5es que s\u00e3o sugeridas pelos pr\u00f3prios participantes.<br>No encontro de retomada o grupo contou com a presen\u00e7a da enfermeira Mar\u00edlia Binotto e do secret\u00e1rio municipal da Sa\u00fade, Liberto Guilherme Mehler. Na ocasi\u00e3o, foram abordados temas relacionados ao fluxo de atendimento na Unidade de Sa\u00fade da Baixada, bem como os demais servi\u00e7os oferecidos pela Secretaria de Sa\u00fade.<br>A proposta do Grupo \u201cReconstru\u00e7\u00e3o\u201d \u00e9 criar um espa\u00e7o acolhedor e participativo, promovendo a escuta, o cuidado e a valoriza\u00e7\u00e3o da vida, al\u00e9m de contribuir para uma rede de apoio no bairro.<\/p>\n\n\n\n<p><\/p>\n","protected":false},"excerpt":{"rendered":"<p>As atividades do Grupo de Sa\u00fade Mental \u201cReconstru\u00e7\u00e3o\u201d foram retomadas no in\u00edcio do m\u00eas de junho, em uma iniciativa promovida [&hellip;]<\/p>\n","protected":false},"author":24,"featured_media":19469,"comment_status":"open","ping_status":"open","sticky":false,"template":"","format":"standard","meta":{"_eb_attr":"","site-sidebar-layout":"default","site-content-layout":"","ast-site-content-layout":"default","site-content-style":"default","site-sidebar-style":"default","ast-global-header-display":"","ast-banner-title-visibility":"","ast-main-header-display":"","ast-hfb-above-header-display":"","ast-hfb-below-header-display":"","ast-hfb-mobile-header-display":"","site-post-title":"","ast-breadcrumbs-content":"","ast-featured-img":"","footer-sml-layout":"","theme-transparent-header-meta":"","adv-header-id-meta":"","stick-header-meta":"","header-above-stick-meta":"","header-main-stick-meta":"","header-below-stick-meta":"","astra-migrate-meta-layouts":"default","ast-page-background-enabled":"default","ast-page-background-meta":{"desktop":{"background-color":"var(--ast-global-color-4)","background-image":"","background-repeat":"repeat","background-position":"center center","background-size":"auto","background-attachment":"scroll","background-type":"","background-media":"","overlay-type":"","overlay-color":"","overlay-opacity":"","overlay-gradient":""},"tablet":{"background-color":"","background-image":"","background-repeat":"repeat","background-position":"center center","background-size":"auto","background-attachment":"scroll","background-type":"","background-media":"","overlay-type":"","overlay-color":"","overlay-opacity":"","overlay-gradient":""},"mobile":{"background-color":"","background-image":"","background-repeat":"repeat","background-position":"center center","background-size":"auto","background-attachment":"scroll","background-type":"","background-media":"","overlay-type":"","overlay-color":"","overlay-opacity":"","overlay-gradient":""}},"ast-content-background-meta":{"desktop":{"background-color":"var(--ast-global-color-5)","background-image":"","background-repeat":"repeat","background-position":"center center","background-size":"auto","background-attachment":"scroll","background-type":"","background-media":"","overlay-type":"","overlay-color":"","overlay-opacity":"","overlay-gradient":""},"tablet":{"background-color":"var(--ast-global-color-5)","background-image":"","background-repeat":"repeat","background-position":"center center","background-size":"auto","background-attachment":"scroll","background-type":"","background-media":"","overlay-type":"","overlay-color":"","overlay-opacity":"","overlay-gradient":""},"mobile":{"background-color":"var(--ast-global-color-5)","background-image":"","background-repeat":"repeat","background-position":"center center","background-size":"auto","background-attachment":"scroll","background-type":"","background-media":"","overlay-type":"","overlay-color":"","overlay-opacity":"","overlay-gradient":""}},"footnotes":""},"categories":[1],"tags":[],"class_list":["post-19468","post","type-post","status-publish","format-standard","has-post-thumbnail","hentry","category-sem-categoria"],"_links":{"self":[{"href":"https:\/\/www.sobradinho.rs.gov.br\/portal\/index.php?rest_route=\/wp\/v2\/posts\/19468","targetHints":{"allow":["GET"]}}],"collection":[{"href":"https:\/\/www.sobradinho.rs.gov.br\/portal\/index.php?rest_route=\/wp\/v2\/posts"}],"about":[{"href":"https:\/\/www.sobradinho.rs.gov.br\/portal\/index.php?rest_route=\/wp\/v2\/types\/post"}],"author":[{"embeddable":true,"href":"https:\/\/www.sobradinho.rs.gov.br\/portal\/index.php?rest_route=\/wp\/v2\/users\/24"}],"replies":[{"embeddable":true,"href":"https:\/\/www.sobradinho.rs.gov.br\/portal\/index.php?rest_route=%2Fwp%2Fv2%2Fcomments&post=19468"}],"version-history":[{"count":1,"href":"https:\/\/www.sobradinho.rs.gov.br\/portal\/index.php?rest_route=\/wp\/v2\/posts\/19468\/revisions"}],"predecessor-version":[{"id":19470,"href":"https:\/\/www.sobradinho.rs.gov.br\/portal\/index.php?rest_route=\/wp\/v2\/posts\/19468\/revisions\/19470"}],"wp:featuredmedia":[{"embeddable":true,"href":"https:\/\/www.sobradinho.rs.gov.br\/portal\/index.php?rest_route=\/wp\/v2\/media\/19469"}],"wp:attachment":[{"href":"https:\/\/www.sobradinho.rs.gov.br\/portal\/index.php?rest_route=%2Fwp%2Fv2%2Fmedia&parent=19468"}],"wp:term":[{"taxonomy":"category","embeddable":true,"href":"https:\/\/www.sobradinho.rs.gov.br\/portal\/index.php?rest_route=%2Fwp%2Fv2%2Fcategories&post=19468"},{"taxonomy":"post_tag","embeddable":true,"href":"https:\/\/www.sobradinho.rs.gov.br\/portal\/index.php?rest_route=%2Fwp%2Fv2%2Ftags&post=19468"}],"curies":[{"name":"wp","href":"https:\/\/api.w.org\/{rel}","templated":true}]}}