{"id":19471,"date":"2025-07-03T13:03:57","date_gmt":"2025-07-03T16:03:57","guid":{"rendered":"https:\/\/www.sobradinho.rs.gov.br\/portal\/?p=19471"},"modified":"2025-07-03T13:03:57","modified_gmt":"2025-07-03T16:03:57","slug":"prefeitura-de-sobradinho-firma-acordo-com-cemaden-para-fortalecer-monitoramento-de-desastres-naturais","status":"publish","type":"post","link":"https:\/\/www.sobradinho.rs.gov.br\/portal\/?p=19471","title":{"rendered":"Prefeitura de Sobradinho firma Acordo com CEMADEN para Fortalecer Monitoramento de Desastres Naturais"},"content":{"rendered":"\n<p>A Prefeitura Municipal de Sobradinho celebrou, no dia 23 de junho, o Acordo de Ades\u00e3o CEMADEN\/MCTI n\u00ba 066\/2025, com o objetivo de fortalecer o monitoramento de desastres naturais no munic\u00edpio.<br>O acordo tem como foco principal a instala\u00e7\u00e3o e opera\u00e7\u00e3o de Plataformas de Coleta de Dados (PCDs), equipamentos que captam informa\u00e7\u00f5es ambientais em tempo quase real, como \u00edndices pluviom\u00e9tricos, hidrol\u00f3gicos, geot\u00e9cnicos e outros dados essenciais para a emiss\u00e3o de alertas e preven\u00e7\u00e3o de desastres.<br>De acordo com o prefeito Luiz Affonso Trevisan, a instala\u00e7\u00e3o dessas plataformas representa um avan\u00e7o importante para a seguran\u00e7a da popula\u00e7\u00e3o.<br>A iniciativa foi viabilizada pela Defesa Civil Municipal, por meio do coordenador Cassiano Ruoso Moraes, e integra os esfor\u00e7os locais para refor\u00e7ar as a\u00e7\u00f5es de preven\u00e7\u00e3o em situa\u00e7\u00f5es de emerg\u00eancia. Segundo Cassiano, \u201cA ideia \u00e9 que as plataformas sejam instaladas entre os bairros Maieron e Uni\u00e3o, uma \u00e1rea considerada estrat\u00e9gica para organiza\u00e7\u00e3o e resposta \u00e0s zonas de riscos pr\u00f3ximas.\u201d<br>As PCDs, funcionar\u00e3o de forma aut\u00f4noma, com transmiss\u00e3o de dados via rede 4G, sem a necessidade de conex\u00e3o el\u00e9trica. Os dados coletados estar\u00e3o dispon\u00edveis ao p\u00fablico no Mapa Interativo do CEMADEN (https:\/\/mapainterativo.cemaden.gov.br).<br>O acordo firmado com Sobradinho integra a estrat\u00e9gia do CEMADEN para ampliar sua rede observacional em munic\u00edpios considerados vulner\u00e1veis a eventos clim\u00e1ticos extremos. Mais de 850 munic\u00edpios foram priorizados para receber novos equipamentos.<br>A parceria entre a Prefeitura de Sobradinho e o CEMADEN faz parte de um trabalho preventivo para tornar o munic\u00edpio mais preparado diante de situa\u00e7\u00f5es clim\u00e1ticas extremas, visando reduzir riscos.<\/p>\n\n\n\n<p><\/p>\n","protected":false},"excerpt":{"rendered":"<p>A Prefeitura Municipal de Sobradinho celebrou, no dia 23 de junho, o Acordo de Ades\u00e3o CEMADEN\/MCTI n\u00ba 066\/2025, com o [&hellip;]<\/p>\n","protected":false},"author":24,"featured_media":19472,"comment_status":"open","ping_status":"open","sticky":false,"template":"","format":"standard","meta":{"_eb_attr":"","site-sidebar-layout":"default","site-content-layout":"","ast-site-content-layout":"default","site-content-style":"default","site-sidebar-style":"default","ast-global-header-display":"","ast-banner-title-visibility":"","ast-main-header-display":"","ast-hfb-above-header-display":"","ast-hfb-below-header-display":"","ast-hfb-mobile-header-display":"","site-post-title":"","ast-breadcrumbs-content":"","ast-featured-img":"","footer-sml-layout":"","theme-transparent-header-meta":"","adv-header-id-meta":"","stick-header-meta":"","header-above-stick-meta":"","header-main-stick-meta":"","header-below-stick-meta":"","astra-migrate-meta-layouts":"default","ast-page-background-enabled":"default","ast-page-background-meta":{"desktop":{"background-color":"var(--ast-global-color-4)","background-image":"","background-repeat":"repeat","background-position":"center center","background-size":"auto","background-attachment":"scroll","background-type":"","background-media":"","overlay-type":"","overlay-color":"","overlay-opacity":"","overlay-gradient":""},"tablet":{"background-color":"","background-image":"","background-repeat":"repeat","background-position":"center center","background-size":"auto","background-attachment":"scroll","background-type":"","background-media":"","overlay-type":"","overlay-color":"","overlay-opacity":"","overlay-gradient":""},"mobile":{"background-color":"","background-image":"","background-repeat":"repeat","background-position":"center center","background-size":"auto","background-attachment":"scroll","background-type":"","background-media":"","overlay-type":"","overlay-color":"","overlay-opacity":"","overlay-gradient":""}},"ast-content-background-meta":{"desktop":{"background-color":"var(--ast-global-color-5)","background-image":"","background-repeat":"repeat","background-position":"center center","background-size":"auto","background-attachment":"scroll","background-type":"","background-media":"","overlay-type":"","overlay-color":"","overlay-opacity":"","overlay-gradient":""},"tablet":{"background-color":"var(--ast-global-color-5)","background-image":"","background-repeat":"repeat","background-position":"center center","background-size":"auto","background-attachment":"scroll","background-type":"","background-media":"","overlay-type":"","overlay-color":"","overlay-opacity":"","overlay-gradient":""},"mobile":{"background-color":"var(--ast-global-color-5)","background-image":"","background-repeat":"repeat","background-position":"center center","background-size":"auto","background-attachment":"scroll","background-type":"","background-media":"","overlay-type":"","overlay-color":"","overlay-opacity":"","overlay-gradient":""}},"footnotes":""},"categories":[1],"tags":[],"class_list":["post-19471","post","type-post","status-publish","format-standard","has-post-thumbnail","hentry","category-sem-categoria"],"_links":{"self":[{"href":"https:\/\/www.sobradinho.rs.gov.br\/portal\/index.php?rest_route=\/wp\/v2\/posts\/19471","targetHints":{"allow":["GET"]}}],"collection":[{"href":"https:\/\/www.sobradinho.rs.gov.br\/portal\/index.php?rest_route=\/wp\/v2\/posts"}],"about":[{"href":"https:\/\/www.sobradinho.rs.gov.br\/portal\/index.php?rest_route=\/wp\/v2\/types\/post"}],"author":[{"embeddable":true,"href":"https:\/\/www.sobradinho.rs.gov.br\/portal\/index.php?rest_route=\/wp\/v2\/users\/24"}],"replies":[{"embeddable":true,"href":"https:\/\/www.sobradinho.rs.gov.br\/portal\/index.php?rest_route=%2Fwp%2Fv2%2Fcomments&post=19471"}],"version-history":[{"count":1,"href":"https:\/\/www.sobradinho.rs.gov.br\/portal\/index.php?rest_route=\/wp\/v2\/posts\/19471\/revisions"}],"predecessor-version":[{"id":19473,"href":"https:\/\/www.sobradinho.rs.gov.br\/portal\/index.php?rest_route=\/wp\/v2\/posts\/19471\/revisions\/19473"}],"wp:featuredmedia":[{"embeddable":true,"href":"https:\/\/www.sobradinho.rs.gov.br\/portal\/index.php?rest_route=\/wp\/v2\/media\/19472"}],"wp:attachment":[{"href":"https:\/\/www.sobradinho.rs.gov.br\/portal\/index.php?rest_route=%2Fwp%2Fv2%2Fmedia&parent=19471"}],"wp:term":[{"taxonomy":"category","embeddable":true,"href":"https:\/\/www.sobradinho.rs.gov.br\/portal\/index.php?rest_route=%2Fwp%2Fv2%2Fcategories&post=19471"},{"taxonomy":"post_tag","embeddable":true,"href":"https:\/\/www.sobradinho.rs.gov.br\/portal\/index.php?rest_route=%2Fwp%2Fv2%2Ftags&post=19471"}],"curies":[{"name":"wp","href":"https:\/\/api.w.org\/{rel}","templated":true}]}}