{"id":19500,"date":"2025-07-11T15:37:59","date_gmt":"2025-07-11T18:37:59","guid":{"rendered":"https:\/\/www.sobradinho.rs.gov.br\/portal\/?p=19500"},"modified":"2025-07-11T15:37:59","modified_gmt":"2025-07-11T18:37:59","slug":"os-artesaos-e-artesas-da-regiao-estao-tendo-uma-oportunidade-para-a-confeccao-da-carteira","status":"publish","type":"post","link":"https:\/\/www.sobradinho.rs.gov.br\/portal\/?p=19500","title":{"rendered":"Os artes\u00e3os e artes\u00e3s da regi\u00e3o est\u00e3o tendo uma oportunidade para a confec\u00e7\u00e3o da Carteira."},"content":{"rendered":"\n<p>Agentes do Programa Ga\u00facho de Artesanato, integrantes do FGTAS \/SINE, regi\u00e3o de Santa Maria, est\u00e3o atendendo os interessados e fazendo os testes de habilidades, desde o dia 9 at\u00e9 o dia 11 de julho, na C\u00e2mara de Vereadores de Sobradinho.<\/p>\n\n\n\n<p>A confec\u00e7\u00e3o da Carteira de Artes\u00e3o \u00e9 gratuita e os interessados podem ir diretamente na C\u00e2mara de Vereadores de Sobradinho at\u00e9 essa sexta-feira ou ainda ligar para o telefone do SINE (51) 9 9868-1243.<\/p>\n\n\n\n<p>Esta a\u00e7\u00e3o em Sobradinho tem o apoio da Administra\u00e7\u00e3o Municipal, atrav\u00e9s do SINE local e da Secretaria Municipal de Educa\u00e7\u00e3o, Cultura, Turismo e Desporto, Casa da Cultura Amario Jo\u00e3o Lazzari e C\u00e2mara de Vereadores.<\/p>\n\n\n\n<figure class=\"wp-block-image size-large\"><img fetchpriority=\"high\" decoding=\"async\" width=\"1024\" height=\"577\" src=\"http:\/\/www.sobradinho.rs.gov.br\/portal\/wp-content\/uploads\/2025\/07\/artesao-2-1024x577.jpeg\" alt=\"\" class=\"wp-image-19502\" srcset=\"https:\/\/www.sobradinho.rs.gov.br\/portal\/wp-content\/uploads\/2025\/07\/artesao-2-1024x577.jpeg 1024w, https:\/\/www.sobradinho.rs.gov.br\/portal\/wp-content\/uploads\/2025\/07\/artesao-2-300x169.jpeg 300w, https:\/\/www.sobradinho.rs.gov.br\/portal\/wp-content\/uploads\/2025\/07\/artesao-2-768x433.jpeg 768w, https:\/\/www.sobradinho.rs.gov.br\/portal\/wp-content\/uploads\/2025\/07\/artesao-2.jpeg 1440w\" sizes=\"(max-width: 1024px) 100vw, 1024px\" \/><\/figure>\n\n\n\n<p><\/p>\n","protected":false},"excerpt":{"rendered":"<p>Agentes do Programa Ga\u00facho de Artesanato, integrantes do FGTAS \/SINE, regi\u00e3o de Santa Maria, est\u00e3o atendendo os interessados e fazendo [&hellip;]<\/p>\n","protected":false},"author":24,"featured_media":19501,"comment_status":"open","ping_status":"open","sticky":false,"template":"","format":"standard","meta":{"_eb_attr":"","site-sidebar-layout":"default","site-content-layout":"","ast-site-content-layout":"default","site-content-style":"default","site-sidebar-style":"default","ast-global-header-display":"","ast-banner-title-visibility":"","ast-main-header-display":"","ast-hfb-above-header-display":"","ast-hfb-below-header-display":"","ast-hfb-mobile-header-display":"","site-post-title":"","ast-breadcrumbs-content":"","ast-featured-img":"","footer-sml-layout":"","theme-transparent-header-meta":"","adv-header-id-meta":"","stick-header-meta":"","header-above-stick-meta":"","header-main-stick-meta":"","header-below-stick-meta":"","astra-migrate-meta-layouts":"default","ast-page-background-enabled":"default","ast-page-background-meta":{"desktop":{"background-color":"var(--ast-global-color-4)","background-image":"","background-repeat":"repeat","background-position":"center center","background-size":"auto","background-attachment":"scroll","background-type":"","background-media":"","overlay-type":"","overlay-color":"","overlay-opacity":"","overlay-gradient":""},"tablet":{"background-color":"","background-image":"","background-repeat":"repeat","background-position":"center center","background-size":"auto","background-attachment":"scroll","background-type":"","background-media":"","overlay-type":"","overlay-color":"","overlay-opacity":"","overlay-gradient":""},"mobile":{"background-color":"","background-image":"","background-repeat":"repeat","background-position":"center center","background-size":"auto","background-attachment":"scroll","background-type":"","background-media":"","overlay-type":"","overlay-color":"","overlay-opacity":"","overlay-gradient":""}},"ast-content-background-meta":{"desktop":{"background-color":"var(--ast-global-color-5)","background-image":"","background-repeat":"repeat","background-position":"center center","background-size":"auto","background-attachment":"scroll","background-type":"","background-media":"","overlay-type":"","overlay-color":"","overlay-opacity":"","overlay-gradient":""},"tablet":{"background-color":"var(--ast-global-color-5)","background-image":"","background-repeat":"repeat","background-position":"center center","background-size":"auto","background-attachment":"scroll","background-type":"","background-media":"","overlay-type":"","overlay-color":"","overlay-opacity":"","overlay-gradient":""},"mobile":{"background-color":"var(--ast-global-color-5)","background-image":"","background-repeat":"repeat","background-position":"center center","background-size":"auto","background-attachment":"scroll","background-type":"","background-media":"","overlay-type":"","overlay-color":"","overlay-opacity":"","overlay-gradient":""}},"footnotes":""},"categories":[3],"tags":[],"class_list":["post-19500","post","type-post","status-publish","format-standard","has-post-thumbnail","hentry","category-noticias"],"_links":{"self":[{"href":"https:\/\/www.sobradinho.rs.gov.br\/portal\/index.php?rest_route=\/wp\/v2\/posts\/19500","targetHints":{"allow":["GET"]}}],"collection":[{"href":"https:\/\/www.sobradinho.rs.gov.br\/portal\/index.php?rest_route=\/wp\/v2\/posts"}],"about":[{"href":"https:\/\/www.sobradinho.rs.gov.br\/portal\/index.php?rest_route=\/wp\/v2\/types\/post"}],"author":[{"embeddable":true,"href":"https:\/\/www.sobradinho.rs.gov.br\/portal\/index.php?rest_route=\/wp\/v2\/users\/24"}],"replies":[{"embeddable":true,"href":"https:\/\/www.sobradinho.rs.gov.br\/portal\/index.php?rest_route=%2Fwp%2Fv2%2Fcomments&post=19500"}],"version-history":[{"count":1,"href":"https:\/\/www.sobradinho.rs.gov.br\/portal\/index.php?rest_route=\/wp\/v2\/posts\/19500\/revisions"}],"predecessor-version":[{"id":19503,"href":"https:\/\/www.sobradinho.rs.gov.br\/portal\/index.php?rest_route=\/wp\/v2\/posts\/19500\/revisions\/19503"}],"wp:featuredmedia":[{"embeddable":true,"href":"https:\/\/www.sobradinho.rs.gov.br\/portal\/index.php?rest_route=\/wp\/v2\/media\/19501"}],"wp:attachment":[{"href":"https:\/\/www.sobradinho.rs.gov.br\/portal\/index.php?rest_route=%2Fwp%2Fv2%2Fmedia&parent=19500"}],"wp:term":[{"taxonomy":"category","embeddable":true,"href":"https:\/\/www.sobradinho.rs.gov.br\/portal\/index.php?rest_route=%2Fwp%2Fv2%2Fcategories&post=19500"},{"taxonomy":"post_tag","embeddable":true,"href":"https:\/\/www.sobradinho.rs.gov.br\/portal\/index.php?rest_route=%2Fwp%2Fv2%2Ftags&post=19500"}],"curies":[{"name":"wp","href":"https:\/\/api.w.org\/{rel}","templated":true}]}}