{"id":19504,"date":"2025-07-11T15:40:50","date_gmt":"2025-07-11T18:40:50","guid":{"rendered":"https:\/\/www.sobradinho.rs.gov.br\/portal\/?p=19504"},"modified":"2025-07-11T15:40:50","modified_gmt":"2025-07-11T18:40:50","slug":"21o-concurso-literario-jornalista-valacir-cremonese-e-lancado-em-reuniao-do-conselho-municipal-de-politica-cultural","status":"publish","type":"post","link":"https:\/\/www.sobradinho.rs.gov.br\/portal\/?p=19504","title":{"rendered":"21\u00ba Concurso Liter\u00e1rio Jornalista Valacir Cremonese \u00e9 lan\u00e7ado em reuni\u00e3o do Conselho Municipal de Pol\u00edtica Cultural"},"content":{"rendered":"\n<p>Na tarde desta quarta-feira, 09 de julho, ocorreu o lan\u00e7amento da 21\u00aa edi\u00e7\u00e3o do Concurso Liter\u00e1rio Jornalista Valacir Cremonese, na Prefeitura de Sobradinho, durante reuni\u00e3o do Conselho Municipal de Pol\u00edtica Cultural (CMPC). Al\u00e9m dos integrantes do Conselho, diretoras e vice-diretoras das escolas municipais e estaduais de Sobradinho, tamb\u00e9m estiveram presentes e receberam o Cartaz, o regulamento e a ficha de inscri\u00e7\u00e3o do concurso, que \u00e9 uma promo\u00e7\u00e3o da Administra\u00e7\u00e3o Municipal, atrav\u00e9s da Secretaria de Educa\u00e7\u00e3o, Cultura, Turismo e Desporto, Casa da Cultura Amario Jo\u00e3o Lazzari, contando com o apoio do CMPC e da Academia Centro Serra de Letras.<br>Nesta edi\u00e7\u00e3o de 2025, este tradicional concurso liter\u00e1rio de Sobradinho, que conta com participantes do Centro Serra e de v\u00e1rios locais do pa\u00eds, tem como tema o RESPEITO \u00c0S DIFEREN\u00c7AS e o g\u00eanero liter\u00e1rio que dever\u00e1 ser enfocado \u00e9 o Texto Narrativo (Conto, cr\u00f4nica ou f\u00e1bula). As inscri\u00e7\u00f5es estar\u00e3o abertas at\u00e9 o dia 30 de setembro de 2025 e poder\u00e3o ser feitas diretamente na Casa da Cultura Amario Jo\u00e3o Lazzari ou atrav\u00e9s do e-mail casadaculturasobradinho.rs@gmail.com Os textos poder\u00e3o ser inscritos em tr\u00eas categorias: Infantil, Juvenil e Adulta. Os dez primeiros colocados, em cada categoria, recebem certificados e os tr\u00eas primeiros ganham tamb\u00e9m trof\u00e9u e uma premia\u00e7\u00e3o em dinheiro. Neste ano a novidade \u00e9 que haver\u00e1 uma premia\u00e7\u00e3o especial aos tr\u00eas primeiros colocados do munic\u00edpio em cada categoria, os quais receber\u00e3o o trof\u00e9u \u201cDestaque Especial Sobradinho\u201d e uma premia\u00e7\u00e3o em dinheiro tamb\u00e9m. Os vencedores do 21\u00ba Concurso Liter\u00e1rio Jornalista Valacir Cremonese ser\u00e3o conhecidos e premiados durante a 29\u00aa Feira do Livro de Sobradinho, que dever\u00e1 ocorrer de 6 a 8 de novembro deste ano. Maiores informa\u00e7\u00f5es do concurso tamb\u00e9m podem ser obtidas atrav\u00e9s do telefone-whats da Casa da Cultura (51)9 9748 2569.<br>Na reuni\u00e3o, a Diretora de Cultura e Turismo de Sobradinho, Juli Moraes, apresentou todas as informa\u00e7\u00f5es do Concurso, destacando que o cartaz teve a arte e a cria\u00e7\u00e3o do estudante Davi Puntel Hackbarth.<\/p>\n\n\n\n<p><\/p>\n","protected":false},"excerpt":{"rendered":"<p>Na tarde desta quarta-feira, 09 de julho, ocorreu o lan\u00e7amento da 21\u00aa edi\u00e7\u00e3o do Concurso Liter\u00e1rio Jornalista Valacir Cremonese, na [&hellip;]<\/p>\n","protected":false},"author":24,"featured_media":19505,"comment_status":"open","ping_status":"open","sticky":false,"template":"","format":"standard","meta":{"_eb_attr":"","site-sidebar-layout":"default","site-content-layout":"","ast-site-content-layout":"default","site-content-style":"default","site-sidebar-style":"default","ast-global-header-display":"","ast-banner-title-visibility":"","ast-main-header-display":"","ast-hfb-above-header-display":"","ast-hfb-below-header-display":"","ast-hfb-mobile-header-display":"","site-post-title":"","ast-breadcrumbs-content":"","ast-featured-img":"","footer-sml-layout":"","theme-transparent-header-meta":"","adv-header-id-meta":"","stick-header-meta":"","header-above-stick-meta":"","header-main-stick-meta":"","header-below-stick-meta":"","astra-migrate-meta-layouts":"default","ast-page-background-enabled":"default","ast-page-background-meta":{"desktop":{"background-color":"var(--ast-global-color-4)","background-image":"","background-repeat":"repeat","background-position":"center center","background-size":"auto","background-attachment":"scroll","background-type":"","background-media":"","overlay-type":"","overlay-color":"","overlay-opacity":"","overlay-gradient":""},"tablet":{"background-color":"","background-image":"","background-repeat":"repeat","background-position":"center center","background-size":"auto","background-attachment":"scroll","background-type":"","background-media":"","overlay-type":"","overlay-color":"","overlay-opacity":"","overlay-gradient":""},"mobile":{"background-color":"","background-image":"","background-repeat":"repeat","background-position":"center center","background-size":"auto","background-attachment":"scroll","background-type":"","background-media":"","overlay-type":"","overlay-color":"","overlay-opacity":"","overlay-gradient":""}},"ast-content-background-meta":{"desktop":{"background-color":"var(--ast-global-color-5)","background-image":"","background-repeat":"repeat","background-position":"center center","background-size":"auto","background-attachment":"scroll","background-type":"","background-media":"","overlay-type":"","overlay-color":"","overlay-opacity":"","overlay-gradient":""},"tablet":{"background-color":"var(--ast-global-color-5)","background-image":"","background-repeat":"repeat","background-position":"center center","background-size":"auto","background-attachment":"scroll","background-type":"","background-media":"","overlay-type":"","overlay-color":"","overlay-opacity":"","overlay-gradient":""},"mobile":{"background-color":"var(--ast-global-color-5)","background-image":"","background-repeat":"repeat","background-position":"center center","background-size":"auto","background-attachment":"scroll","background-type":"","background-media":"","overlay-type":"","overlay-color":"","overlay-opacity":"","overlay-gradient":""}},"footnotes":""},"categories":[3],"tags":[],"class_list":["post-19504","post","type-post","status-publish","format-standard","has-post-thumbnail","hentry","category-noticias"],"_links":{"self":[{"href":"https:\/\/www.sobradinho.rs.gov.br\/portal\/index.php?rest_route=\/wp\/v2\/posts\/19504","targetHints":{"allow":["GET"]}}],"collection":[{"href":"https:\/\/www.sobradinho.rs.gov.br\/portal\/index.php?rest_route=\/wp\/v2\/posts"}],"about":[{"href":"https:\/\/www.sobradinho.rs.gov.br\/portal\/index.php?rest_route=\/wp\/v2\/types\/post"}],"author":[{"embeddable":true,"href":"https:\/\/www.sobradinho.rs.gov.br\/portal\/index.php?rest_route=\/wp\/v2\/users\/24"}],"replies":[{"embeddable":true,"href":"https:\/\/www.sobradinho.rs.gov.br\/portal\/index.php?rest_route=%2Fwp%2Fv2%2Fcomments&post=19504"}],"version-history":[{"count":1,"href":"https:\/\/www.sobradinho.rs.gov.br\/portal\/index.php?rest_route=\/wp\/v2\/posts\/19504\/revisions"}],"predecessor-version":[{"id":19506,"href":"https:\/\/www.sobradinho.rs.gov.br\/portal\/index.php?rest_route=\/wp\/v2\/posts\/19504\/revisions\/19506"}],"wp:featuredmedia":[{"embeddable":true,"href":"https:\/\/www.sobradinho.rs.gov.br\/portal\/index.php?rest_route=\/wp\/v2\/media\/19505"}],"wp:attachment":[{"href":"https:\/\/www.sobradinho.rs.gov.br\/portal\/index.php?rest_route=%2Fwp%2Fv2%2Fmedia&parent=19504"}],"wp:term":[{"taxonomy":"category","embeddable":true,"href":"https:\/\/www.sobradinho.rs.gov.br\/portal\/index.php?rest_route=%2Fwp%2Fv2%2Fcategories&post=19504"},{"taxonomy":"post_tag","embeddable":true,"href":"https:\/\/www.sobradinho.rs.gov.br\/portal\/index.php?rest_route=%2Fwp%2Fv2%2Ftags&post=19504"}],"curies":[{"name":"wp","href":"https:\/\/api.w.org\/{rel}","templated":true}]}}