{"id":19507,"date":"2025-07-11T15:44:16","date_gmt":"2025-07-11T18:44:16","guid":{"rendered":"https:\/\/www.sobradinho.rs.gov.br\/portal\/?p=19507"},"modified":"2025-07-11T15:44:40","modified_gmt":"2025-07-11T18:44:40","slug":"vice-prefeito-de-sobradinho-cumpre-agenda-em-porto-alegre","status":"publish","type":"post","link":"https:\/\/www.sobradinho.rs.gov.br\/portal\/?p=19507","title":{"rendered":"Vice-prefeito de Sobradinho cumpre agenda em Porto Alegre"},"content":{"rendered":"\n<p>O vice-prefeito de Sobradinho, Nilo Wietzke, esteve em Porto Alegre na quarta-feira, 9 de julho, onde manteve uma s\u00e9rie de compromissos com autoridades estaduais, buscando encaminhamentos e recursos para demandas importantes do munic\u00edpio.<\/p>\n\n\n\n<p>Logo pela manh\u00e3, Nilo foi recebido na Secretaria de Planejamento, Or\u00e7amento e Gest\u00e3o, onde tratou sobre a permuta do terreno que est\u00e1 localizado o antigo pr\u00e9dio da Delegacia de Pol\u00edcia de Sobradinho. O objetivo \u00e9 viabilizar, a partir desse processo que j\u00e1 est\u00e1 em tramita\u00e7\u00e3o, a constru\u00e7\u00e3o da nova unidade de sa\u00fade para o Bairro Maieron.<\/p>\n\n\n\n<p>Na sequ\u00eancia, o vice-prefeito esteve no Fundo Estadual da Sa\u00fade, tratando de assuntos ligados ao Hospital S\u00e3o Jo\u00e3o Evangelista.<\/p>\n\n\n\n<p>Encerrando a agenda, Nilo esteve na Secretaria Estadual da Cultura, onde recebeu a confirma\u00e7\u00e3o da libera\u00e7\u00e3o do repasse de R$100 mil para o munic\u00edpio, atrav\u00e9s do Fundo de Apoio \u00e0 Cultura (FAC). A proposta contempla a\u00e7\u00f5es como a feira do livro, o anivers\u00e1rio de Sobradinho e o tradicional Natal das Estrelas.<\/p>\n\n\n\n<p>As agendas tiveram como foco a apresenta\u00e7\u00e3o de demandas importantes do munic\u00edpio e a busca por solu\u00e7\u00f5es conjuntas para atender as necessidades da popula\u00e7\u00e3o.<\/p>\n\n\n\n<figure class=\"wp-block-image size-large\"><img fetchpriority=\"high\" decoding=\"async\" width=\"1024\" height=\"768\" src=\"http:\/\/www.sobradinho.rs.gov.br\/portal\/wp-content\/uploads\/2025\/07\/nilo3-1024x768.jpeg\" alt=\"\" class=\"wp-image-19510\" srcset=\"https:\/\/www.sobradinho.rs.gov.br\/portal\/wp-content\/uploads\/2025\/07\/nilo3-1024x768.jpeg 1024w, https:\/\/www.sobradinho.rs.gov.br\/portal\/wp-content\/uploads\/2025\/07\/nilo3-300x225.jpeg 300w, https:\/\/www.sobradinho.rs.gov.br\/portal\/wp-content\/uploads\/2025\/07\/nilo3-768x576.jpeg 768w, https:\/\/www.sobradinho.rs.gov.br\/portal\/wp-content\/uploads\/2025\/07\/nilo3.jpeg 1201w\" sizes=\"(max-width: 1024px) 100vw, 1024px\" \/><\/figure>\n\n\n\n<figure class=\"wp-block-image size-full\"><img decoding=\"async\" width=\"904\" height=\"681\" src=\"http:\/\/www.sobradinho.rs.gov.br\/portal\/wp-content\/uploads\/2025\/07\/nilo-2.jpeg\" alt=\"\" class=\"wp-image-19509\" srcset=\"https:\/\/www.sobradinho.rs.gov.br\/portal\/wp-content\/uploads\/2025\/07\/nilo-2.jpeg 904w, https:\/\/www.sobradinho.rs.gov.br\/portal\/wp-content\/uploads\/2025\/07\/nilo-2-300x226.jpeg 300w, https:\/\/www.sobradinho.rs.gov.br\/portal\/wp-content\/uploads\/2025\/07\/nilo-2-768x579.jpeg 768w\" sizes=\"(max-width: 904px) 100vw, 904px\" \/><\/figure>\n\n\n\n<p><\/p>\n","protected":false},"excerpt":{"rendered":"<p>O vice-prefeito de Sobradinho, Nilo Wietzke, esteve em Porto Alegre na quarta-feira, 9 de julho, onde manteve uma s\u00e9rie de [&hellip;]<\/p>\n","protected":false},"author":24,"featured_media":19508,"comment_status":"open","ping_status":"open","sticky":false,"template":"","format":"standard","meta":{"_eb_attr":"","site-sidebar-layout":"default","site-content-layout":"","ast-site-content-layout":"default","site-content-style":"default","site-sidebar-style":"default","ast-global-header-display":"","ast-banner-title-visibility":"","ast-main-header-display":"","ast-hfb-above-header-display":"","ast-hfb-below-header-display":"","ast-hfb-mobile-header-display":"","site-post-title":"","ast-breadcrumbs-content":"","ast-featured-img":"","footer-sml-layout":"","theme-transparent-header-meta":"","adv-header-id-meta":"","stick-header-meta":"","header-above-stick-meta":"","header-main-stick-meta":"","header-below-stick-meta":"","astra-migrate-meta-layouts":"default","ast-page-background-enabled":"default","ast-page-background-meta":{"desktop":{"background-color":"var(--ast-global-color-4)","background-image":"","background-repeat":"repeat","background-position":"center center","background-size":"auto","background-attachment":"scroll","background-type":"","background-media":"","overlay-type":"","overlay-color":"","overlay-opacity":"","overlay-gradient":""},"tablet":{"background-color":"","background-image":"","background-repeat":"repeat","background-position":"center center","background-size":"auto","background-attachment":"scroll","background-type":"","background-media":"","overlay-type":"","overlay-color":"","overlay-opacity":"","overlay-gradient":""},"mobile":{"background-color":"","background-image":"","background-repeat":"repeat","background-position":"center center","background-size":"auto","background-attachment":"scroll","background-type":"","background-media":"","overlay-type":"","overlay-color":"","overlay-opacity":"","overlay-gradient":""}},"ast-content-background-meta":{"desktop":{"background-color":"var(--ast-global-color-5)","background-image":"","background-repeat":"repeat","background-position":"center center","background-size":"auto","background-attachment":"scroll","background-type":"","background-media":"","overlay-type":"","overlay-color":"","overlay-opacity":"","overlay-gradient":""},"tablet":{"background-color":"var(--ast-global-color-5)","background-image":"","background-repeat":"repeat","background-position":"center center","background-size":"auto","background-attachment":"scroll","background-type":"","background-media":"","overlay-type":"","overlay-color":"","overlay-opacity":"","overlay-gradient":""},"mobile":{"background-color":"var(--ast-global-color-5)","background-image":"","background-repeat":"repeat","background-position":"center center","background-size":"auto","background-attachment":"scroll","background-type":"","background-media":"","overlay-type":"","overlay-color":"","overlay-opacity":"","overlay-gradient":""}},"footnotes":""},"categories":[3],"tags":[],"class_list":["post-19507","post","type-post","status-publish","format-standard","has-post-thumbnail","hentry","category-noticias"],"_links":{"self":[{"href":"https:\/\/www.sobradinho.rs.gov.br\/portal\/index.php?rest_route=\/wp\/v2\/posts\/19507","targetHints":{"allow":["GET"]}}],"collection":[{"href":"https:\/\/www.sobradinho.rs.gov.br\/portal\/index.php?rest_route=\/wp\/v2\/posts"}],"about":[{"href":"https:\/\/www.sobradinho.rs.gov.br\/portal\/index.php?rest_route=\/wp\/v2\/types\/post"}],"author":[{"embeddable":true,"href":"https:\/\/www.sobradinho.rs.gov.br\/portal\/index.php?rest_route=\/wp\/v2\/users\/24"}],"replies":[{"embeddable":true,"href":"https:\/\/www.sobradinho.rs.gov.br\/portal\/index.php?rest_route=%2Fwp%2Fv2%2Fcomments&post=19507"}],"version-history":[{"count":2,"href":"https:\/\/www.sobradinho.rs.gov.br\/portal\/index.php?rest_route=\/wp\/v2\/posts\/19507\/revisions"}],"predecessor-version":[{"id":19512,"href":"https:\/\/www.sobradinho.rs.gov.br\/portal\/index.php?rest_route=\/wp\/v2\/posts\/19507\/revisions\/19512"}],"wp:featuredmedia":[{"embeddable":true,"href":"https:\/\/www.sobradinho.rs.gov.br\/portal\/index.php?rest_route=\/wp\/v2\/media\/19508"}],"wp:attachment":[{"href":"https:\/\/www.sobradinho.rs.gov.br\/portal\/index.php?rest_route=%2Fwp%2Fv2%2Fmedia&parent=19507"}],"wp:term":[{"taxonomy":"category","embeddable":true,"href":"https:\/\/www.sobradinho.rs.gov.br\/portal\/index.php?rest_route=%2Fwp%2Fv2%2Fcategories&post=19507"},{"taxonomy":"post_tag","embeddable":true,"href":"https:\/\/www.sobradinho.rs.gov.br\/portal\/index.php?rest_route=%2Fwp%2Fv2%2Ftags&post=19507"}],"curies":[{"name":"wp","href":"https:\/\/api.w.org\/{rel}","templated":true}]}}