{"id":19606,"date":"2025-07-29T12:34:32","date_gmt":"2025-07-29T15:34:32","guid":{"rendered":"https:\/\/www.sobradinho.rs.gov.br\/portal\/?p=19606"},"modified":"2025-07-29T12:34:32","modified_gmt":"2025-07-29T15:34:32","slug":"sobradinho-realiza-9a-conferencia-municipal-de-saude-com-foco-no-fortalecimento-da-atencao-primaria","status":"publish","type":"post","link":"https:\/\/www.sobradinho.rs.gov.br\/portal\/?p=19606","title":{"rendered":"Sobradinho realiza 9\u00aa Confer\u00eancia Municipal de Sa\u00fade com foco no fortalecimento da Aten\u00e7\u00e3o Prim\u00e1ria"},"content":{"rendered":"\n<p>Foi realizada na manh\u00e3 desta quinta-feira, dia 17 de julho, a 9\u00aa Confer\u00eancia Municipal de Sa\u00fade de Sobradinho, considerada o f\u00f3rum m\u00e1ximo de delibera\u00e7\u00e3o da Pol\u00edtica de Sa\u00fade.<\/p>\n\n\n\n<p>O evento reuniu profissionais da sa\u00fade, conselheiros municipais e membros da comunidade, para debater e definir propostas que ir\u00e3o nortear o Plano Municipal da Sa\u00fade pelos pr\u00f3ximos 4 anos.<\/p>\n\n\n\n<p>A confer\u00eancia tamb\u00e9m teve a presen\u00e7a do secret\u00e1rio municipal da Sa\u00fade, Liberto Guilherme Mehler, que refor\u00e7ou a import\u00e2ncia desse encontro para ouvir a comunidade e, junto com os profissionais, buscar melhorias para a sa\u00fade no munic\u00edpio.<\/p>\n\n\n\n<p>Com o tema central \u201cFortalecimento da Aten\u00e7\u00e3o Prim\u00e1ria \u00e0 Sa\u00fade\u201d, teve como principal objetivo debater estrat\u00e9gias para qualificar e ampliar o acesso da popula\u00e7\u00e3o aos servi\u00e7os b\u00e1sicos de sa\u00fade, que s\u00e3o porta de entrada do Sistema \u00danico de Sa\u00fade (SUS).<\/p>\n\n\n\n<p>Durante a programa\u00e7\u00e3o, foi aberta a palavra para as convidadas M\u00f4nica Porto Pandolfo, administradora e coordenadora do N\u00facleo Regional de Planejamento da 8\u00aa Coordenadoria Regional de Sa\u00fade, e Roberta Ferreira Billig, assistente social e especialista em Gest\u00e3o de Organiza\u00e7\u00e3o P\u00fablica em Sa\u00fade do mesmo n\u00facleo.<\/p>\n\n\n\n<p>As palestrantes compartilharam suas experi\u00eancias e apresentaram reflex\u00f5es sobre planejamento, organiza\u00e7\u00e3o e gest\u00e3o dos servi\u00e7os de sa\u00fade, destacando a import\u00e2ncia do fortalecimento da rede de Aten\u00e7\u00e3o Prim\u00e1ria para garantir um atendimento mais eficaz e humanizado \u00e0 popula\u00e7\u00e3o.<\/p>\n\n\n\n<p>Ao final do encontro, os participantes elaboraram propostas que ir\u00e3o compor o Plano Municipal de Sa\u00fade, sendo o mesmo enviado para o Conselho Municipal da Sa\u00fade para avalia\u00e7\u00e3o e aprova\u00e7\u00e3o.<\/p>\n\n\n\n<figure class=\"wp-block-image size-large\"><img fetchpriority=\"high\" decoding=\"async\" width=\"1024\" height=\"768\" src=\"http:\/\/www.sobradinho.rs.gov.br\/portal\/wp-content\/uploads\/2025\/07\/CONFERENCIA-DA-SAUDE-2-1024x768.jpeg\" alt=\"\" class=\"wp-image-19608\" srcset=\"https:\/\/www.sobradinho.rs.gov.br\/portal\/wp-content\/uploads\/2025\/07\/CONFERENCIA-DA-SAUDE-2-1024x768.jpeg 1024w, https:\/\/www.sobradinho.rs.gov.br\/portal\/wp-content\/uploads\/2025\/07\/CONFERENCIA-DA-SAUDE-2-300x225.jpeg 300w, https:\/\/www.sobradinho.rs.gov.br\/portal\/wp-content\/uploads\/2025\/07\/CONFERENCIA-DA-SAUDE-2-768x576.jpeg 768w, https:\/\/www.sobradinho.rs.gov.br\/portal\/wp-content\/uploads\/2025\/07\/CONFERENCIA-DA-SAUDE-2-1536x1152.jpeg 1536w, https:\/\/www.sobradinho.rs.gov.br\/portal\/wp-content\/uploads\/2025\/07\/CONFERENCIA-DA-SAUDE-2-2048x1536.jpeg 2048w\" sizes=\"(max-width: 1024px) 100vw, 1024px\" \/><\/figure>\n\n\n\n<figure class=\"wp-block-image size-large\"><img decoding=\"async\" width=\"1024\" height=\"768\" src=\"http:\/\/www.sobradinho.rs.gov.br\/portal\/wp-content\/uploads\/2025\/07\/CONFERENCIA-DA-SAUDE-3-1024x768.jpeg\" alt=\"\" class=\"wp-image-19609\" srcset=\"https:\/\/www.sobradinho.rs.gov.br\/portal\/wp-content\/uploads\/2025\/07\/CONFERENCIA-DA-SAUDE-3-1024x768.jpeg 1024w, https:\/\/www.sobradinho.rs.gov.br\/portal\/wp-content\/uploads\/2025\/07\/CONFERENCIA-DA-SAUDE-3-300x225.jpeg 300w, https:\/\/www.sobradinho.rs.gov.br\/portal\/wp-content\/uploads\/2025\/07\/CONFERENCIA-DA-SAUDE-3-768x576.jpeg 768w, https:\/\/www.sobradinho.rs.gov.br\/portal\/wp-content\/uploads\/2025\/07\/CONFERENCIA-DA-SAUDE-3-1536x1152.jpeg 1536w, https:\/\/www.sobradinho.rs.gov.br\/portal\/wp-content\/uploads\/2025\/07\/CONFERENCIA-DA-SAUDE-3-2048x1536.jpeg 2048w\" sizes=\"(max-width: 1024px) 100vw, 1024px\" \/><\/figure>\n","protected":false},"excerpt":{"rendered":"<p>Foi realizada na manh\u00e3 desta quinta-feira, dia 17 de julho, a 9\u00aa Confer\u00eancia Municipal de Sa\u00fade de Sobradinho, considerada o [&hellip;]<\/p>\n","protected":false},"author":24,"featured_media":19607,"comment_status":"open","ping_status":"open","sticky":false,"template":"","format":"standard","meta":{"_eb_attr":"","site-sidebar-layout":"default","site-content-layout":"","ast-site-content-layout":"default","site-content-style":"default","site-sidebar-style":"default","ast-global-header-display":"","ast-banner-title-visibility":"","ast-main-header-display":"","ast-hfb-above-header-display":"","ast-hfb-below-header-display":"","ast-hfb-mobile-header-display":"","site-post-title":"","ast-breadcrumbs-content":"","ast-featured-img":"","footer-sml-layout":"","theme-transparent-header-meta":"","adv-header-id-meta":"","stick-header-meta":"","header-above-stick-meta":"","header-main-stick-meta":"","header-below-stick-meta":"","astra-migrate-meta-layouts":"default","ast-page-background-enabled":"default","ast-page-background-meta":{"desktop":{"background-color":"var(--ast-global-color-4)","background-image":"","background-repeat":"repeat","background-position":"center center","background-size":"auto","background-attachment":"scroll","background-type":"","background-media":"","overlay-type":"","overlay-color":"","overlay-opacity":"","overlay-gradient":""},"tablet":{"background-color":"","background-image":"","background-repeat":"repeat","background-position":"center center","background-size":"auto","background-attachment":"scroll","background-type":"","background-media":"","overlay-type":"","overlay-color":"","overlay-opacity":"","overlay-gradient":""},"mobile":{"background-color":"","background-image":"","background-repeat":"repeat","background-position":"center center","background-size":"auto","background-attachment":"scroll","background-type":"","background-media":"","overlay-type":"","overlay-color":"","overlay-opacity":"","overlay-gradient":""}},"ast-content-background-meta":{"desktop":{"background-color":"var(--ast-global-color-5)","background-image":"","background-repeat":"repeat","background-position":"center center","background-size":"auto","background-attachment":"scroll","background-type":"","background-media":"","overlay-type":"","overlay-color":"","overlay-opacity":"","overlay-gradient":""},"tablet":{"background-color":"var(--ast-global-color-5)","background-image":"","background-repeat":"repeat","background-position":"center center","background-size":"auto","background-attachment":"scroll","background-type":"","background-media":"","overlay-type":"","overlay-color":"","overlay-opacity":"","overlay-gradient":""},"mobile":{"background-color":"var(--ast-global-color-5)","background-image":"","background-repeat":"repeat","background-position":"center center","background-size":"auto","background-attachment":"scroll","background-type":"","background-media":"","overlay-type":"","overlay-color":"","overlay-opacity":"","overlay-gradient":""}},"footnotes":""},"categories":[3],"tags":[],"class_list":["post-19606","post","type-post","status-publish","format-standard","has-post-thumbnail","hentry","category-noticias"],"_links":{"self":[{"href":"https:\/\/www.sobradinho.rs.gov.br\/portal\/index.php?rest_route=\/wp\/v2\/posts\/19606","targetHints":{"allow":["GET"]}}],"collection":[{"href":"https:\/\/www.sobradinho.rs.gov.br\/portal\/index.php?rest_route=\/wp\/v2\/posts"}],"about":[{"href":"https:\/\/www.sobradinho.rs.gov.br\/portal\/index.php?rest_route=\/wp\/v2\/types\/post"}],"author":[{"embeddable":true,"href":"https:\/\/www.sobradinho.rs.gov.br\/portal\/index.php?rest_route=\/wp\/v2\/users\/24"}],"replies":[{"embeddable":true,"href":"https:\/\/www.sobradinho.rs.gov.br\/portal\/index.php?rest_route=%2Fwp%2Fv2%2Fcomments&post=19606"}],"version-history":[{"count":1,"href":"https:\/\/www.sobradinho.rs.gov.br\/portal\/index.php?rest_route=\/wp\/v2\/posts\/19606\/revisions"}],"predecessor-version":[{"id":19610,"href":"https:\/\/www.sobradinho.rs.gov.br\/portal\/index.php?rest_route=\/wp\/v2\/posts\/19606\/revisions\/19610"}],"wp:featuredmedia":[{"embeddable":true,"href":"https:\/\/www.sobradinho.rs.gov.br\/portal\/index.php?rest_route=\/wp\/v2\/media\/19607"}],"wp:attachment":[{"href":"https:\/\/www.sobradinho.rs.gov.br\/portal\/index.php?rest_route=%2Fwp%2Fv2%2Fmedia&parent=19606"}],"wp:term":[{"taxonomy":"category","embeddable":true,"href":"https:\/\/www.sobradinho.rs.gov.br\/portal\/index.php?rest_route=%2Fwp%2Fv2%2Fcategories&post=19606"},{"taxonomy":"post_tag","embeddable":true,"href":"https:\/\/www.sobradinho.rs.gov.br\/portal\/index.php?rest_route=%2Fwp%2Fv2%2Ftags&post=19606"}],"curies":[{"name":"wp","href":"https:\/\/api.w.org\/{rel}","templated":true}]}}