{"id":19612,"date":"2025-07-29T12:39:27","date_gmt":"2025-07-29T15:39:27","guid":{"rendered":"https:\/\/www.sobradinho.rs.gov.br\/portal\/?p=19612"},"modified":"2025-07-29T12:41:03","modified_gmt":"2025-07-29T15:41:03","slug":"leilao-publico-da-prefeitura-de-sobradinho-e-adiado-para-13-de-agosto","status":"publish","type":"post","link":"https:\/\/www.sobradinho.rs.gov.br\/portal\/?p=19612","title":{"rendered":"Leil\u00e3o P\u00fablico da Prefeitura de Sobradinho \u00e9 adiado para 13 de agosto"},"content":{"rendered":"\n<p>O Leil\u00e3o P\u00fablico de bens, inicialmente marcado para o dia 22 de julho, foi adiado. A nova data ser\u00e1 quarta-feira, 13 de agosto de 2025, \u00e0s 14h, no Parque de M\u00e1quinas, localizado na Rua Ant\u00f4nio Batista da Silva, s\/n, Bairro Maieron.<\/p>\n\n\n\n<p>Os bens continuam dispon\u00edveis para visita\u00e7\u00e3o de segunda a sexta-feira, das 13h30 \u00e0s 17h, no mesmo local do leil\u00e3o. Ser\u00e1 permitida apenas a avalia\u00e7\u00e3o visual dos lotes, sendo vedado qualquer tipo de manuseio, teste ou retirada de pe\u00e7as.<\/p>\n\n\n\n<p>Ao todo, ser\u00e3o leiloados 13 lotes, entre m\u00f3veis, equipamentos, ve\u00edculos e sucatas. Confira alguns dos itens dispon\u00edveis:<br>Lote 01 \u2013 M\u00f3veis diversos (mesas, cadeiras, arm\u00e1rios etc.);<br>Lote 02 \u2013 Equipamentos el\u00e9tricos (forno, ar-condicionado, geladeira etc.);<br>Lote 03 \u2013 Equipamentos de inform\u00e1tica;<br>Lote 04 \u2013 Sucatas diversas;<br>Lote 05 \u2013 Equipamento para pintura Airless (sem motor);<br>Lote 06 \u2013 Ferro por quilo (aproximadamente 1.500 kg);<br>Lote 07 \u2013 M\u00e1quinas e equipamentos de carpintaria e marcenaria;<br>Lote 08 \u2013 Lote de pneus;<br>Lote 09 \u2013 \u00d4nibus Scania\/Mpolo Paradiso, diesel, cor azul;<br>Lote 10 \u2013 Retroescavadeira XT870BR;<br>Lote 11 \u2013 Caminh\u00e3o Ford\/F-16000 ano 2000;<br>Lote 12 \u2013 Ve\u00edculo Onix Plus LT 1.0 Turbo, 2020, vermelho;<br>Lote 13 \u2013 Ve\u00edculo Fiat Toro Freedom AT9, 2020, cinza.<br>Mais informa\u00e7\u00f5es sobre o leil\u00e3o podem ser obtidas no edital abaixo: <\/p>\n\n\n\n<div data-wp-interactive=\"core\/file\" class=\"wp-block-file\"><object data-wp-bind--hidden=\"!state.hasPdfPreview\" hidden class=\"wp-block-file__embed\" data=\"http:\/\/www.sobradinho.rs.gov.br\/portal\/wp-content\/uploads\/2025\/07\/EDITAL-24-LEILAO-1.pdf\" type=\"application\/pdf\" style=\"width:100%;height:200px\" aria-label=\"Incorporado de EDITAL-24-LEILAO.\"><\/object><a id=\"wp-block-file--media-616e7a5e-f600-4c43-a2ef-6111535739a6\" href=\"http:\/\/www.sobradinho.rs.gov.br\/portal\/wp-content\/uploads\/2025\/07\/EDITAL-24-LEILAO-1.pdf\">EDITAL-24-LEILAO<\/a><a href=\"http:\/\/www.sobradinho.rs.gov.br\/portal\/wp-content\/uploads\/2025\/07\/EDITAL-24-LEILAO-1.pdf\" class=\"wp-block-file__button wp-element-button\" download aria-describedby=\"wp-block-file--media-616e7a5e-f600-4c43-a2ef-6111535739a6\">Baixar<\/a><\/div>\n\n\n\n<p><\/p>\n","protected":false},"excerpt":{"rendered":"<p>O Leil\u00e3o P\u00fablico de bens, inicialmente marcado para o dia 22 de julho, foi adiado. A nova data ser\u00e1 quarta-feira, [&hellip;]<\/p>\n","protected":false},"author":24,"featured_media":19616,"comment_status":"open","ping_status":"open","sticky":false,"template":"","format":"standard","meta":{"_eb_attr":"","site-sidebar-layout":"default","site-content-layout":"","ast-site-content-layout":"default","site-content-style":"default","site-sidebar-style":"default","ast-global-header-display":"","ast-banner-title-visibility":"","ast-main-header-display":"","ast-hfb-above-header-display":"","ast-hfb-below-header-display":"","ast-hfb-mobile-header-display":"","site-post-title":"","ast-breadcrumbs-content":"","ast-featured-img":"","footer-sml-layout":"","theme-transparent-header-meta":"","adv-header-id-meta":"","stick-header-meta":"","header-above-stick-meta":"","header-main-stick-meta":"","header-below-stick-meta":"","astra-migrate-meta-layouts":"default","ast-page-background-enabled":"default","ast-page-background-meta":{"desktop":{"background-color":"var(--ast-global-color-4)","background-image":"","background-repeat":"repeat","background-position":"center center","background-size":"auto","background-attachment":"scroll","background-type":"","background-media":"","overlay-type":"","overlay-color":"","overlay-opacity":"","overlay-gradient":""},"tablet":{"background-color":"","background-image":"","background-repeat":"repeat","background-position":"center center","background-size":"auto","background-attachment":"scroll","background-type":"","background-media":"","overlay-type":"","overlay-color":"","overlay-opacity":"","overlay-gradient":""},"mobile":{"background-color":"","background-image":"","background-repeat":"repeat","background-position":"center center","background-size":"auto","background-attachment":"scroll","background-type":"","background-media":"","overlay-type":"","overlay-color":"","overlay-opacity":"","overlay-gradient":""}},"ast-content-background-meta":{"desktop":{"background-color":"var(--ast-global-color-5)","background-image":"","background-repeat":"repeat","background-position":"center center","background-size":"auto","background-attachment":"scroll","background-type":"","background-media":"","overlay-type":"","overlay-color":"","overlay-opacity":"","overlay-gradient":""},"tablet":{"background-color":"var(--ast-global-color-5)","background-image":"","background-repeat":"repeat","background-position":"center center","background-size":"auto","background-attachment":"scroll","background-type":"","background-media":"","overlay-type":"","overlay-color":"","overlay-opacity":"","overlay-gradient":""},"mobile":{"background-color":"var(--ast-global-color-5)","background-image":"","background-repeat":"repeat","background-position":"center center","background-size":"auto","background-attachment":"scroll","background-type":"","background-media":"","overlay-type":"","overlay-color":"","overlay-opacity":"","overlay-gradient":""}},"footnotes":""},"categories":[3],"tags":[],"class_list":["post-19612","post","type-post","status-publish","format-standard","has-post-thumbnail","hentry","category-noticias"],"_links":{"self":[{"href":"https:\/\/www.sobradinho.rs.gov.br\/portal\/index.php?rest_route=\/wp\/v2\/posts\/19612","targetHints":{"allow":["GET"]}}],"collection":[{"href":"https:\/\/www.sobradinho.rs.gov.br\/portal\/index.php?rest_route=\/wp\/v2\/posts"}],"about":[{"href":"https:\/\/www.sobradinho.rs.gov.br\/portal\/index.php?rest_route=\/wp\/v2\/types\/post"}],"author":[{"embeddable":true,"href":"https:\/\/www.sobradinho.rs.gov.br\/portal\/index.php?rest_route=\/wp\/v2\/users\/24"}],"replies":[{"embeddable":true,"href":"https:\/\/www.sobradinho.rs.gov.br\/portal\/index.php?rest_route=%2Fwp%2Fv2%2Fcomments&post=19612"}],"version-history":[{"count":3,"href":"https:\/\/www.sobradinho.rs.gov.br\/portal\/index.php?rest_route=\/wp\/v2\/posts\/19612\/revisions"}],"predecessor-version":[{"id":19618,"href":"https:\/\/www.sobradinho.rs.gov.br\/portal\/index.php?rest_route=\/wp\/v2\/posts\/19612\/revisions\/19618"}],"wp:featuredmedia":[{"embeddable":true,"href":"https:\/\/www.sobradinho.rs.gov.br\/portal\/index.php?rest_route=\/wp\/v2\/media\/19616"}],"wp:attachment":[{"href":"https:\/\/www.sobradinho.rs.gov.br\/portal\/index.php?rest_route=%2Fwp%2Fv2%2Fmedia&parent=19612"}],"wp:term":[{"taxonomy":"category","embeddable":true,"href":"https:\/\/www.sobradinho.rs.gov.br\/portal\/index.php?rest_route=%2Fwp%2Fv2%2Fcategories&post=19612"},{"taxonomy":"post_tag","embeddable":true,"href":"https:\/\/www.sobradinho.rs.gov.br\/portal\/index.php?rest_route=%2Fwp%2Fv2%2Ftags&post=19612"}],"curies":[{"name":"wp","href":"https:\/\/api.w.org\/{rel}","templated":true}]}}