{"id":19855,"date":"2025-07-30T09:04:47","date_gmt":"2025-07-30T12:04:47","guid":{"rendered":"https:\/\/www.sobradinho.rs.gov.br\/portal\/?p=19855"},"modified":"2025-09-04T14:02:16","modified_gmt":"2025-09-04T17:02:16","slug":"formacao-para-monitores-e-professores-do-aee","status":"publish","type":"post","link":"https:\/\/www.sobradinho.rs.gov.br\/portal\/?p=19855","title":{"rendered":"Forma\u00e7\u00e3o para Monitores e Professores do AEE"},"content":{"rendered":"\n<p>No dia 29 de julho, foi realizada no Polo de Educa\u00e7\u00e3o a Dist\u00e2ncia de Sobradinho uma forma\u00e7\u00e3o voltada aos monitores e professores do Atendimento Educacional Especializado (AEE) que atuam nas EMEIs e EMEBs da Rede Municipal de Ensino.<br>A atividade contou com a palestra da professora Andrea Batista, integrante da equipe do TEACOLHE, de Cachoeira do Sul, e teve como objetivo fortalecer o trabalho dos profissionais que acompanham estudantes com necessidades educacionais espec\u00edficas.<br>Durante a manh\u00e3, os debates foram direcionados principalmente aos monitores, com foco no papel de apoio \u00e0s crian\u00e7as em sala de aula. A Secret\u00e1ria de Educa\u00e7\u00e3o, Cultura, Turismo e Desporto, Lisani Bernardini, e a Coordenadora pedag\u00f3gica das EMEIs, Ibra\u00edma Calheiro, acompanharam a forma\u00e7\u00e3o e destacaram a import\u00e2ncia de preparar os profissionais para lidar com os desafios que envolvem o atendimento de alunos. \u201cCada vez mais, temos alunos com diferentes necessidades nas salas de aula, e os professores e monitores precisam estar preparados para ser esse suporte, ajudando as crian\u00e7as a se sentirem acolhidas e inclu\u00eddas nas atividades escolares e no conv\u00edvio com os colegas\u201d. Destacou a secret\u00e1ria.<br>No turno da tarde, as orienta\u00e7\u00f5es foram voltadas aos professores do AEE, com foco na elabora\u00e7\u00e3o do Plano de Atendimento Educacional Especializado (PAEE), ferramenta essencial para o planejamento individualizado do ensino.<\/p>\n\n\n\n<figure class=\"wp-block-image size-large\"><img fetchpriority=\"high\" decoding=\"async\" width=\"1024\" height=\"768\" src=\"http:\/\/www.sobradinho.rs.gov.br\/portal\/wp-content\/uploads\/2025\/09\/formacao-professores-1024x768.jpeg\" alt=\"\" class=\"wp-image-19857\" srcset=\"https:\/\/www.sobradinho.rs.gov.br\/portal\/wp-content\/uploads\/2025\/09\/formacao-professores-1024x768.jpeg 1024w, https:\/\/www.sobradinho.rs.gov.br\/portal\/wp-content\/uploads\/2025\/09\/formacao-professores-300x225.jpeg 300w, https:\/\/www.sobradinho.rs.gov.br\/portal\/wp-content\/uploads\/2025\/09\/formacao-professores-768x576.jpeg 768w, https:\/\/www.sobradinho.rs.gov.br\/portal\/wp-content\/uploads\/2025\/09\/formacao-professores.jpeg 1280w\" sizes=\"(max-width: 1024px) 100vw, 1024px\" \/><\/figure>\n","protected":false},"excerpt":{"rendered":"<p>No dia 29 de julho, foi realizada no Polo de Educa\u00e7\u00e3o a Dist\u00e2ncia de Sobradinho uma forma\u00e7\u00e3o voltada aos monitores [&hellip;]<\/p>\n","protected":false},"author":24,"featured_media":19856,"comment_status":"open","ping_status":"open","sticky":false,"template":"","format":"standard","meta":{"_eb_attr":"","site-sidebar-layout":"default","site-content-layout":"","ast-site-content-layout":"default","site-content-style":"default","site-sidebar-style":"default","ast-global-header-display":"","ast-banner-title-visibility":"","ast-main-header-display":"","ast-hfb-above-header-display":"","ast-hfb-below-header-display":"","ast-hfb-mobile-header-display":"","site-post-title":"","ast-breadcrumbs-content":"","ast-featured-img":"","footer-sml-layout":"","theme-transparent-header-meta":"","adv-header-id-meta":"","stick-header-meta":"","header-above-stick-meta":"","header-main-stick-meta":"","header-below-stick-meta":"","astra-migrate-meta-layouts":"default","ast-page-background-enabled":"default","ast-page-background-meta":{"desktop":{"background-color":"var(--ast-global-color-4)","background-image":"","background-repeat":"repeat","background-position":"center center","background-size":"auto","background-attachment":"scroll","background-type":"","background-media":"","overlay-type":"","overlay-color":"","overlay-opacity":"","overlay-gradient":""},"tablet":{"background-color":"","background-image":"","background-repeat":"repeat","background-position":"center center","background-size":"auto","background-attachment":"scroll","background-type":"","background-media":"","overlay-type":"","overlay-color":"","overlay-opacity":"","overlay-gradient":""},"mobile":{"background-color":"","background-image":"","background-repeat":"repeat","background-position":"center center","background-size":"auto","background-attachment":"scroll","background-type":"","background-media":"","overlay-type":"","overlay-color":"","overlay-opacity":"","overlay-gradient":""}},"ast-content-background-meta":{"desktop":{"background-color":"var(--ast-global-color-5)","background-image":"","background-repeat":"repeat","background-position":"center center","background-size":"auto","background-attachment":"scroll","background-type":"","background-media":"","overlay-type":"","overlay-color":"","overlay-opacity":"","overlay-gradient":""},"tablet":{"background-color":"var(--ast-global-color-5)","background-image":"","background-repeat":"repeat","background-position":"center center","background-size":"auto","background-attachment":"scroll","background-type":"","background-media":"","overlay-type":"","overlay-color":"","overlay-opacity":"","overlay-gradient":""},"mobile":{"background-color":"var(--ast-global-color-5)","background-image":"","background-repeat":"repeat","background-position":"center center","background-size":"auto","background-attachment":"scroll","background-type":"","background-media":"","overlay-type":"","overlay-color":"","overlay-opacity":"","overlay-gradient":""}},"footnotes":""},"categories":[3],"tags":[],"class_list":["post-19855","post","type-post","status-publish","format-standard","has-post-thumbnail","hentry","category-noticias"],"_links":{"self":[{"href":"https:\/\/www.sobradinho.rs.gov.br\/portal\/index.php?rest_route=\/wp\/v2\/posts\/19855","targetHints":{"allow":["GET"]}}],"collection":[{"href":"https:\/\/www.sobradinho.rs.gov.br\/portal\/index.php?rest_route=\/wp\/v2\/posts"}],"about":[{"href":"https:\/\/www.sobradinho.rs.gov.br\/portal\/index.php?rest_route=\/wp\/v2\/types\/post"}],"author":[{"embeddable":true,"href":"https:\/\/www.sobradinho.rs.gov.br\/portal\/index.php?rest_route=\/wp\/v2\/users\/24"}],"replies":[{"embeddable":true,"href":"https:\/\/www.sobradinho.rs.gov.br\/portal\/index.php?rest_route=%2Fwp%2Fv2%2Fcomments&post=19855"}],"version-history":[{"count":1,"href":"https:\/\/www.sobradinho.rs.gov.br\/portal\/index.php?rest_route=\/wp\/v2\/posts\/19855\/revisions"}],"predecessor-version":[{"id":19858,"href":"https:\/\/www.sobradinho.rs.gov.br\/portal\/index.php?rest_route=\/wp\/v2\/posts\/19855\/revisions\/19858"}],"wp:featuredmedia":[{"embeddable":true,"href":"https:\/\/www.sobradinho.rs.gov.br\/portal\/index.php?rest_route=\/wp\/v2\/media\/19856"}],"wp:attachment":[{"href":"https:\/\/www.sobradinho.rs.gov.br\/portal\/index.php?rest_route=%2Fwp%2Fv2%2Fmedia&parent=19855"}],"wp:term":[{"taxonomy":"category","embeddable":true,"href":"https:\/\/www.sobradinho.rs.gov.br\/portal\/index.php?rest_route=%2Fwp%2Fv2%2Fcategories&post=19855"},{"taxonomy":"post_tag","embeddable":true,"href":"https:\/\/www.sobradinho.rs.gov.br\/portal\/index.php?rest_route=%2Fwp%2Fv2%2Ftags&post=19855"}],"curies":[{"name":"wp","href":"https:\/\/api.w.org\/{rel}","templated":true}]}}