{"id":19893,"date":"2025-08-06T09:40:47","date_gmt":"2025-08-06T12:40:47","guid":{"rendered":"https:\/\/www.sobradinho.rs.gov.br\/portal\/?p=19893"},"modified":"2025-09-04T14:04:57","modified_gmt":"2025-09-04T17:04:57","slug":"sobradinho-recebe-emenda-de-r-150-mil-do-deputado-pompeo-de-mattos-para-cirurgias-eletivas","status":"publish","type":"post","link":"https:\/\/www.sobradinho.rs.gov.br\/portal\/?p=19893","title":{"rendered":"Sobradinho recebe emenda de R$ 150 mil do deputado Pompeo de Mattos para cirurgias eletivas"},"content":{"rendered":"\n<p>No dia 5 de agosto, o vereador Jairo Hermes esteve em visita ao prefeito Luiz Affonso Trevisan (MDB) e ao vice-prefeito Nilo Wietzke (PDT), ocasi\u00e3o em que confirmou o repasse de uma emenda parlamentar no valor de R$ 150 mil, destinada pelo deputado federal Pompeo de Mattos (PDT).<br>O recurso ser\u00e1 direcionado ao Hospital Santa B\u00e1rbara de Encruzilhada do Sul, institui\u00e7\u00e3o respons\u00e1vel pelo atendimento das cirurgias eletivas da regi\u00e3o. A iniciativa \u00e9 fundamental para ampliar o acesso da popula\u00e7\u00e3o aos procedimentos, reduzir filas e agilizar os atendimentos para os moradores de Sobradinho.<br>A libera\u00e7\u00e3o do valor para o munic\u00edpio, no entanto, n\u00e3o \u00e9 imediata. Ela depende de um processo que envolve an\u00e1lise e tramita\u00e7\u00e3o junto aos \u00f3rg\u00e3os competentes, e a previs\u00e3o \u00e9 de que o recurso s\u00f3 esteja dispon\u00edvel pr\u00f3ximo ao final do ano.<\/p>\n\n\n\n<figure class=\"wp-block-image size-large\"><img fetchpriority=\"high\" decoding=\"async\" width=\"1024\" height=\"768\" src=\"http:\/\/www.sobradinho.rs.gov.br\/portal\/wp-content\/uploads\/2025\/09\/emenda--1024x768.jpeg\" alt=\"\" class=\"wp-image-19894\" srcset=\"https:\/\/www.sobradinho.rs.gov.br\/portal\/wp-content\/uploads\/2025\/09\/emenda--1024x768.jpeg 1024w, https:\/\/www.sobradinho.rs.gov.br\/portal\/wp-content\/uploads\/2025\/09\/emenda--300x225.jpeg 300w, https:\/\/www.sobradinho.rs.gov.br\/portal\/wp-content\/uploads\/2025\/09\/emenda--768x576.jpeg 768w, https:\/\/www.sobradinho.rs.gov.br\/portal\/wp-content\/uploads\/2025\/09\/emenda--1536x1152.jpeg 1536w, https:\/\/www.sobradinho.rs.gov.br\/portal\/wp-content\/uploads\/2025\/09\/emenda--2048x1536.jpeg 2048w\" sizes=\"(max-width: 1024px) 100vw, 1024px\" \/><\/figure>\n","protected":false},"excerpt":{"rendered":"<p>No dia 5 de agosto, o vereador Jairo Hermes esteve em visita ao prefeito Luiz Affonso Trevisan (MDB) e ao [&hellip;]<\/p>\n","protected":false},"author":24,"featured_media":19894,"comment_status":"open","ping_status":"open","sticky":false,"template":"","format":"standard","meta":{"_eb_attr":"","site-sidebar-layout":"default","site-content-layout":"","ast-site-content-layout":"default","site-content-style":"default","site-sidebar-style":"default","ast-global-header-display":"","ast-banner-title-visibility":"","ast-main-header-display":"","ast-hfb-above-header-display":"","ast-hfb-below-header-display":"","ast-hfb-mobile-header-display":"","site-post-title":"","ast-breadcrumbs-content":"","ast-featured-img":"","footer-sml-layout":"","theme-transparent-header-meta":"","adv-header-id-meta":"","stick-header-meta":"","header-above-stick-meta":"","header-main-stick-meta":"","header-below-stick-meta":"","astra-migrate-meta-layouts":"default","ast-page-background-enabled":"default","ast-page-background-meta":{"desktop":{"background-color":"var(--ast-global-color-4)","background-image":"","background-repeat":"repeat","background-position":"center center","background-size":"auto","background-attachment":"scroll","background-type":"","background-media":"","overlay-type":"","overlay-color":"","overlay-opacity":"","overlay-gradient":""},"tablet":{"background-color":"","background-image":"","background-repeat":"repeat","background-position":"center center","background-size":"auto","background-attachment":"scroll","background-type":"","background-media":"","overlay-type":"","overlay-color":"","overlay-opacity":"","overlay-gradient":""},"mobile":{"background-color":"","background-image":"","background-repeat":"repeat","background-position":"center center","background-size":"auto","background-attachment":"scroll","background-type":"","background-media":"","overlay-type":"","overlay-color":"","overlay-opacity":"","overlay-gradient":""}},"ast-content-background-meta":{"desktop":{"background-color":"var(--ast-global-color-5)","background-image":"","background-repeat":"repeat","background-position":"center center","background-size":"auto","background-attachment":"scroll","background-type":"","background-media":"","overlay-type":"","overlay-color":"","overlay-opacity":"","overlay-gradient":""},"tablet":{"background-color":"var(--ast-global-color-5)","background-image":"","background-repeat":"repeat","background-position":"center center","background-size":"auto","background-attachment":"scroll","background-type":"","background-media":"","overlay-type":"","overlay-color":"","overlay-opacity":"","overlay-gradient":""},"mobile":{"background-color":"var(--ast-global-color-5)","background-image":"","background-repeat":"repeat","background-position":"center center","background-size":"auto","background-attachment":"scroll","background-type":"","background-media":"","overlay-type":"","overlay-color":"","overlay-opacity":"","overlay-gradient":""}},"footnotes":""},"categories":[1],"tags":[],"class_list":["post-19893","post","type-post","status-publish","format-standard","has-post-thumbnail","hentry","category-sem-categoria"],"_links":{"self":[{"href":"https:\/\/www.sobradinho.rs.gov.br\/portal\/index.php?rest_route=\/wp\/v2\/posts\/19893","targetHints":{"allow":["GET"]}}],"collection":[{"href":"https:\/\/www.sobradinho.rs.gov.br\/portal\/index.php?rest_route=\/wp\/v2\/posts"}],"about":[{"href":"https:\/\/www.sobradinho.rs.gov.br\/portal\/index.php?rest_route=\/wp\/v2\/types\/post"}],"author":[{"embeddable":true,"href":"https:\/\/www.sobradinho.rs.gov.br\/portal\/index.php?rest_route=\/wp\/v2\/users\/24"}],"replies":[{"embeddable":true,"href":"https:\/\/www.sobradinho.rs.gov.br\/portal\/index.php?rest_route=%2Fwp%2Fv2%2Fcomments&post=19893"}],"version-history":[{"count":1,"href":"https:\/\/www.sobradinho.rs.gov.br\/portal\/index.php?rest_route=\/wp\/v2\/posts\/19893\/revisions"}],"predecessor-version":[{"id":19895,"href":"https:\/\/www.sobradinho.rs.gov.br\/portal\/index.php?rest_route=\/wp\/v2\/posts\/19893\/revisions\/19895"}],"wp:featuredmedia":[{"embeddable":true,"href":"https:\/\/www.sobradinho.rs.gov.br\/portal\/index.php?rest_route=\/wp\/v2\/media\/19894"}],"wp:attachment":[{"href":"https:\/\/www.sobradinho.rs.gov.br\/portal\/index.php?rest_route=%2Fwp%2Fv2%2Fmedia&parent=19893"}],"wp:term":[{"taxonomy":"category","embeddable":true,"href":"https:\/\/www.sobradinho.rs.gov.br\/portal\/index.php?rest_route=%2Fwp%2Fv2%2Fcategories&post=19893"},{"taxonomy":"post_tag","embeddable":true,"href":"https:\/\/www.sobradinho.rs.gov.br\/portal\/index.php?rest_route=%2Fwp%2Fv2%2Ftags&post=19893"}],"curies":[{"name":"wp","href":"https:\/\/api.w.org\/{rel}","templated":true}]}}